{"id":27751,"date":"2015-03-26T13:03:26","date_gmt":"2015-03-26T11:03:26","guid":{"rendered":"http:\/\/www.sana.sy\/tr\/?p=27751"},"modified":"2015-03-26T13:03:26","modified_gmt":"2015-03-26T11:03:26","slug":"ordu-birliklerimiz-idlib-kenti-civarinda-turkiye-rejiminin-komutasinda-vahset-eylemlerinde-bulunan-teror-ceteleri-kovalama-operasyonlarini-surduruyor-oldukca-yuksek-sayida-teroristin-arac-ve-silahlar","status":"publish","type":"post","link":"https:\/\/archive.sana.sy\/tr\/?p=27751","title":{"rendered":"Ordu birliklerimiz \u0130dlib Kenti civar\u0131nda T\u00fcrkiye rejiminin komutas\u0131nda vah\u015fet eylemlerinde bulunan ter\u00f6r \u00e7eteleri kovalama operasyonlar\u0131n\u0131 s\u00fcrd\u00fcr\u00fcyor. Olduk\u00e7a y\u00fcksek say\u0131da ter\u00f6ristin ara\u00e7 ve silahlar\u0131yla etkisizle\u015ftirildi\u011fi bildirildi."},"content":{"rendered":"<p>Ordu birliklerimiz \u0130dlib Kenti civar\u0131nda T\u00fcrkiye rejiminin komutas\u0131nda vah\u015fet eylemlerinde bulunan ter\u00f6r \u00e7eteleri kovalama operasyonlar\u0131n\u0131 s\u00fcrd\u00fcr\u00fcyor. Olduk\u00e7a y\u00fcksek say\u0131da ter\u00f6ristin ara\u00e7 ve silahlar\u0131yla etkisizle\u015ftirildi\u011fi bildirildi.<\/p>\n","protected":false},"excerpt":{"rendered":"<p>Ordu birliklerimiz \u0130dlib Kenti civar\u0131nda T\u00fcrkiye rejiminin komutas\u0131nda vah\u015fet eylemlerinde bulunan ter\u00f6r \u00e7eteleri kovalama operasyonlar\u0131n\u0131 s\u00fcrd\u00fcr\u00fcyor. Olduk\u00e7a y\u00fcksek say\u0131da ter\u00f6ristin ara\u00e7 ve silahlar\u0131yla etkisizle\u015ftirildi\u011fi bildirildi.<\/p>\n","protected":false},"author":1,"featured_media":0,"comment_status":"closed","ping_status":"closed","sticky":false,"template":"","format":"standard","meta":{"footnotes":""},"categories":[1],"tags":[12981],"class_list":["post-27751","post","type-post","status-publish","format-standard","","category-news-not-sorted","tag-ordu-birliklerimiz-idlib-kenti-civarinda-turkiye-rejiminin-komutasinda-vahset-eylemlerinde-bulunan-teror-ceteleri-kovalama-operasyonlarini-surduruyor-oldukca-yuksek-sayida-teroristin-arac-ve-silahlar"],"_links":{"self":[{"href":"https:\/\/archive.sana.sy\/tr\/index.php?rest_route=\/wp\/v2\/posts\/27751","targetHints":{"allow":["GET"]}}],"collection":[{"href":"https:\/\/archive.sana.sy\/tr\/index.php?rest_route=\/wp\/v2\/posts"}],"about":[{"href":"https:\/\/archive.sana.sy\/tr\/index.php?rest_route=\/wp\/v2\/types\/post"}],"author":[{"embeddable":true,"href":"https:\/\/archive.sana.sy\/tr\/index.php?rest_route=\/wp\/v2\/users\/1"}],"replies":[{"embeddable":true,"href":"https:\/\/archive.sana.sy\/tr\/index.php?rest_route=%2Fwp%2Fv2%2Fcomments&post=27751"}],"version-history":[{"count":0,"href":"https:\/\/archive.sana.sy\/tr\/index.php?rest_route=\/wp\/v2\/posts\/27751\/revisions"}],"wp:attachment":[{"href":"https:\/\/archive.sana.sy\/tr\/index.php?rest_route=%2Fwp%2Fv2%2Fmedia&parent=27751"}],"wp:term":[{"taxonomy":"category","embeddable":true,"href":"https:\/\/archive.sana.sy\/tr\/index.php?rest_route=%2Fwp%2Fv2%2Fcategories&post=27751"},{"taxonomy":"post_tag","embeddable":true,"href":"https:\/\/archive.sana.sy\/tr\/index.php?rest_route=%2Fwp%2Fv2%2Ftags&post=27751"}],"curies":[{"name":"wp","href":"https:\/\/api.w.org\/{rel}","templated":true}]}}