{"id":27753,"date":"2015-03-26T13:51:55","date_gmt":"2015-03-26T11:51:55","guid":{"rendered":"http:\/\/www.sana.sy\/tr\/?p=27753"},"modified":"2015-03-27T11:12:12","modified_gmt":"2015-03-27T08:12:12","slug":"gaddar-saldirilarda-yine-siviller-kurban-gitti","status":"publish","type":"post","link":"https:\/\/archive.sana.sy\/tr\/?p=27753","title":{"rendered":"Gaddar Sald\u0131r\u0131larda Yine Siviller Kurban Gitti"},"content":{"rendered":"<p>\u0130LLER \u2013 D\u0131\u015f g\u00fc\u00e7lerin patronajl\u0131\u011f\u0131nda masum sivillere ve hizmet kurumlar\u0131na y\u00f6nelik gaddar sald\u0131r\u0131lar\u0131n\u0131 s\u00fcrd\u00fcren ter\u00f6r \u00e7eteleri bug\u00fcn de bir\u00e7ok ki\u015finin kurban gitmelerine yol a\u00e7an sald\u0131r\u0131larda bulundu.<\/p>\n<p>\u015eam Emniyet M\u00fcd\u00fcrl\u00fc\u011f\u00fcnde bir kaynak ter\u00f6r \u00e7etelerin bug\u00fcn f\u0131rlatt\u0131\u011f\u0131 iki havan roketinin Emeviler Meydan\u0131 yak\u0131nlar\u0131na d\u00fc\u015ft\u00fc\u011f\u00fcn\u00fc s\u00f6yledi. Kaynak havan roketlerinden birinin patlad\u0131\u011f\u0131n\u0131 di\u011ferinin ise patlamad\u0131\u011f\u0131n\u0131 a\u00e7\u0131klarken, hain sald\u0131r\u0131da bir sivil vatanda\u015f\u0131n yaraland\u0131\u011f\u0131n\u0131 s\u00f6zlerine ekledi.<\/p>\n<p>Ter\u00f6ristlerin d\u00fcn ise \u015eam\u2019\u0131n sivil yerle\u015fim alanlar\u0131ndan Zablatani\u2019de bir evin \u00fczerine f\u0131rlatt\u0131\u011f\u0131 havan roketi binada maddi zararlara yol a\u00e7m\u0131\u015ft\u0131.<\/p>\n<p><span style=\"color: #0000ff\">Haseke&#8217;de Bombal\u0131 \u0130ntihar Eylemi<\/span><\/p>\n<p>Haseke Emniyet m\u00fcd\u00fcrl\u00fc\u011f\u00fcnde bir kaynak ise intihar eylemcisi bir ter\u00f6ristin bug\u00fcn Haseke Kentinin bat\u0131 giri\u015finde bombal\u0131 bir ara\u00e7la intihar eylemi d\u00fczenledi\u011fini aktard\u0131.<\/p>\n<p>Gaddar eylemde 3 ki\u015finin \u015fehit, bir\u00e7okki\u015finin de yaraland\u0131\u011f\u0131n\u0131 s\u00f6yleyen kaynak; muhtelif d\u00fczeylerde yaralanan ki\u015filerin hastaneye kald\u0131r\u0131ld\u0131klar\u0131n\u0131 s\u00f6zlerine ekledi.<\/p>\n<p>A.A.<\/p>\n","protected":false},"excerpt":{"rendered":"<p>\u0130LLER \u2013 D\u0131\u015f g\u00fc\u00e7lerin patronajl\u0131\u011f\u0131nda masum sivillere ve hizmet kurumlar\u0131na y\u00f6nelik gaddar sald\u0131r\u0131lar\u0131n\u0131 s\u00fcrd\u00fcren ter\u00f6r \u00e7eteleri bug\u00fcn de bir\u00e7ok ki\u015finin kurban gitmelerine yol a\u00e7an sald\u0131r\u0131larda bulundu. \u015eam Emniyet M\u00fcd\u00fcrl\u00fc\u011f\u00fcnde bir kaynak ter\u00f6r \u00e7etelerin bug\u00fcn f\u0131rlatt\u0131\u011f\u0131 iki havan roketinin Emeviler Meydan\u0131 yak\u0131nlar\u0131na d\u00fc\u015ft\u00fc\u011f\u00fcn\u00fc s\u00f6yledi. Kaynak havan roketlerinden birinin patlad\u0131\u011f\u0131n\u0131 di\u011ferinin ise patlamad\u0131\u011f\u0131n\u0131 a\u00e7\u0131klarken, hain sald\u0131r\u0131da bir &hellip;<\/p>\n","protected":false},"author":1,"featured_media":27754,"comment_status":"closed","ping_status":"closed","sticky":false,"template":"","format":"standard","meta":{"footnotes":""},"categories":[575],"tags":[12982],"class_list":["post-27753","post","type-post","status-publish","format-standard","has-post-thumbnail","","category-olaylar-ve-gercekler","tag-gaddar-saldirilarda-yine-siviller-kurban-gitti-iller-dis-guclerin-patronajliginda-masum-sivillere-ve-hizmet-kurumlarina-yonelik-gaddar-saldirilarini-surduren-teror-ceteleri-bugun-de-bircok-k"],"_links":{"self":[{"href":"https:\/\/archive.sana.sy\/tr\/index.php?rest_route=\/wp\/v2\/posts\/27753","targetHints":{"allow":["GET"]}}],"collection":[{"href":"https:\/\/archive.sana.sy\/tr\/index.php?rest_route=\/wp\/v2\/posts"}],"about":[{"href":"https:\/\/archive.sana.sy\/tr\/index.php?rest_route=\/wp\/v2\/types\/post"}],"author":[{"embeddable":true,"href":"https:\/\/archive.sana.sy\/tr\/index.php?rest_route=\/wp\/v2\/users\/1"}],"replies":[{"embeddable":true,"href":"https:\/\/archive.sana.sy\/tr\/index.php?rest_route=%2Fwp%2Fv2%2Fcomments&post=27753"}],"version-history":[{"count":0,"href":"https:\/\/archive.sana.sy\/tr\/index.php?rest_route=\/wp\/v2\/posts\/27753\/revisions"}],"wp:featuredmedia":[{"embeddable":true,"href":"https:\/\/archive.sana.sy\/tr\/index.php?rest_route=\/wp\/v2\/media\/27754"}],"wp:attachment":[{"href":"https:\/\/archive.sana.sy\/tr\/index.php?rest_route=%2Fwp%2Fv2%2Fmedia&parent=27753"}],"wp:term":[{"taxonomy":"category","embeddable":true,"href":"https:\/\/archive.sana.sy\/tr\/index.php?rest_route=%2Fwp%2Fv2%2Fcategories&post=27753"},{"taxonomy":"post_tag","embeddable":true,"href":"https:\/\/archive.sana.sy\/tr\/index.php?rest_route=%2Fwp%2Fv2%2Ftags&post=27753"}],"curies":[{"name":"wp","href":"https:\/\/api.w.org\/{rel}","templated":true}]}}