{"id":277586,"date":"2023-03-27T14:05:57","date_gmt":"2023-03-27T11:05:57","guid":{"rendered":"https:\/\/sana.sy\/tr\/?p=277586"},"modified":"2023-03-28T09:50:06","modified_gmt":"2023-03-28T06:50:06","slug":"ekonomi-bakani-ortak-isbirligi-alanlarini-gorusmek-uzere-escwa-icra-sekreteri-ile-bir-araya-geldi","status":"publish","type":"post","link":"https:\/\/archive.sana.sy\/tr\/?p=277586","title":{"rendered":"Ekonomi Bakan\u0131, Olas\u0131 \u0130\u015fbirli\u011fi Alanlar\u0131n\u0131 G\u00f6r\u00fc\u015fmek \u00dczere &#8220;ESCWA&#8221; \u0130cra Sekreteri \u0130le Bir Araya Geldi &#8220;V\u0130DEO&#8221;"},"content":{"rendered":"<p><strong>\u015eAM<\/strong> \u2013 Ekonomi ve D\u0131\u015f Ticaret Bakan\u0131 Dr. Muhammed Samer El Halil ve Planlama ve Uluslararas\u0131 \u0130\u015fbirli\u011fi Otoritesi Ba\u015fkan\u0131 Dr. Fadi El Salati, Bat\u0131 Asya Ekonomik ve Sosyal Komisyonu &#8220;ESCWA&#8221; \u0130cra Sekreteri Dr. Rola Dashti ile bir araya geldi.<\/p>\n<p>Ziyaret, Suriye&#8217;deki ilgili kurumlar\u0131 ile K\u00fc\u00e7\u00fck ve Orta \u00d6l\u00e7ekli \u0130\u015fletmeler i\u00e7in \u00c7evreyi Geli\u015ftirme Uluslararas\u0131 Komitesi aras\u0131ndaki olas\u0131 i\u015fbirli\u011fi alanlar\u0131n\u0131 tart\u0131\u015fmay\u0131 ama\u00e7l\u0131yor.<\/p>\n<p>Bu, k\u00fc\u00e7\u00fck projelerin fikirlerini b\u00fcy\u00fcme ve s\u00fcrd\u00fcr\u00fclebilirlik yetene\u011fine sahip canl\u0131 \u00fcretim modellerine d\u00f6n\u00fc\u015ft\u00fcrmek i\u00e7in daha hedefli programlar\u0131n ba\u015flat\u0131lmas\u0131na olanak tan\u0131r.<\/p>\n<p><iframe loading=\"lazy\" title=\"\u0648\u0632\u064a\u0631 \u0627\u0644\u0627\u0642\u062a\u0635\u0627\u062f \u064a\u0644\u062a\u0642\u064a \u0627\u0644\u0623\u0645\u064a\u0646 \u0627\u0644\u062a\u0646\u0641\u064a\u0630\u064a \u0644\u0644\u0625\u0633\u0643\u0648\u0627\" src=\"https:\/\/www.youtube.com\/embed\/Jj-z-Arb5_k\" width=\"620\" height=\"348\" frameborder=\"0\" allowfullscreen=\"allowfullscreen\"><\/iframe><\/p>\n<div id='gallery-1' class='gallery galleryid-277586 gallery-columns-2 gallery-size-full'><figure class='gallery-item'>\n\t\t\t<div class='gallery-icon landscape'>\n\t\t\t\t<a href='https:\/\/archive.sana.sy\/tr\/wp-content\/uploads\/2023\/03\/WAS6360.jpg'><img loading=\"lazy\" decoding=\"async\" width=\"660\" height=\"392\" src=\"https:\/\/archive.sana.sy\/tr\/wp-content\/uploads\/2023\/03\/WAS6360.jpg\" class=\"attachment-full size-full\" alt=\"\" srcset=\"https:\/\/archive.sana.sy\/tr\/wp-content\/uploads\/2023\/03\/WAS6360.jpg 660w, https:\/\/archive.sana.sy\/tr\/wp-content\/uploads\/2023\/03\/WAS6360-300x178.jpg 300w\" sizes=\"auto, (max-width: 660px) 100vw, 660px\" \/><\/a>\n\t\t\t<\/div><\/figure><figure class='gallery-item'>\n\t\t\t<div class='gallery-icon landscape'>\n\t\t\t\t<a href='https:\/\/archive.sana.sy\/tr\/wp-content\/uploads\/2023\/03\/WAS6446.jpg'><img loading=\"lazy\" decoding=\"async\" width=\"660\" height=\"376\" src=\"https:\/\/archive.sana.sy\/tr\/wp-content\/uploads\/2023\/03\/WAS6446.jpg\" class=\"attachment-full size-full\" alt=\"\" srcset=\"https:\/\/archive.sana.sy\/tr\/wp-content\/uploads\/2023\/03\/WAS6446.jpg 660w, https:\/\/archive.sana.sy\/tr\/wp-content\/uploads\/2023\/03\/WAS6446-300x171.jpg 300w\" sizes=\"auto, (max-width: 660px) 100vw, 660px\" \/><\/a>\n\t\t\t<\/div><\/figure>\n\t\t<\/div>\n\n<p>&nbsp;<\/p>\n<p><a href=\"https:\/\/t.me\/SuriyeArapHaberAjansI\">Telegram Kanal\u0131m\u0131z\u00a0<\/a><\/p>\n<p><a href=\"https:\/\/www.facebook.com\/SANAHaberAjansi\/\">Facebook Sayfam\u0131z<\/a><\/p>\n","protected":false},"excerpt":{"rendered":"<p>\u015eAM \u2013 Ekonomi ve D\u0131\u015f Ticaret Bakan\u0131 Dr. Muhammed Samer El Halil ve Planlama ve Uluslararas\u0131 \u0130\u015fbirli\u011fi Otoritesi Ba\u015fkan\u0131 Dr. Fadi El Salati, Bat\u0131 Asya Ekonomik ve Sosyal Komisyonu &#8220;ESCWA&#8221; \u0130cra Sekreteri Dr. Rola Dashti ile bir araya geldi. Ziyaret, Suriye&#8217;deki ilgili kurumlar\u0131 ile K\u00fc\u00e7\u00fck ve Orta \u00d6l\u00e7ekli \u0130\u015fletmeler i\u00e7in \u00c7evreyi Geli\u015ftirme Uluslararas\u0131 Komitesi aras\u0131ndaki &hellip;<\/p>\n","protected":false},"author":39,"featured_media":277587,"comment_status":"closed","ping_status":"closed","sticky":false,"template":"","format":"standard","meta":{"footnotes":""},"categories":[485,479,486,17988,478],"tags":[],"class_list":["post-277586","post","type-post","status-publish","format-standard","has-post-thumbnail","","category-is-ve-sermaye","category-haberler-yerel","category-haberler-is-ve-sermaye","category-son-haberler","category-yerel"],"_links":{"self":[{"href":"https:\/\/archive.sana.sy\/tr\/index.php?rest_route=\/wp\/v2\/posts\/277586","targetHints":{"allow":["GET"]}}],"collection":[{"href":"https:\/\/archive.sana.sy\/tr\/index.php?rest_route=\/wp\/v2\/posts"}],"about":[{"href":"https:\/\/archive.sana.sy\/tr\/index.php?rest_route=\/wp\/v2\/types\/post"}],"author":[{"embeddable":true,"href":"https:\/\/archive.sana.sy\/tr\/index.php?rest_route=\/wp\/v2\/users\/39"}],"replies":[{"embeddable":true,"href":"https:\/\/archive.sana.sy\/tr\/index.php?rest_route=%2Fwp%2Fv2%2Fcomments&post=277586"}],"version-history":[{"count":0,"href":"https:\/\/archive.sana.sy\/tr\/index.php?rest_route=\/wp\/v2\/posts\/277586\/revisions"}],"wp:featuredmedia":[{"embeddable":true,"href":"https:\/\/archive.sana.sy\/tr\/index.php?rest_route=\/wp\/v2\/media\/277587"}],"wp:attachment":[{"href":"https:\/\/archive.sana.sy\/tr\/index.php?rest_route=%2Fwp%2Fv2%2Fmedia&parent=277586"}],"wp:term":[{"taxonomy":"category","embeddable":true,"href":"https:\/\/archive.sana.sy\/tr\/index.php?rest_route=%2Fwp%2Fv2%2Fcategories&post=277586"},{"taxonomy":"post_tag","embeddable":true,"href":"https:\/\/archive.sana.sy\/tr\/index.php?rest_route=%2Fwp%2Fv2%2Ftags&post=277586"}],"curies":[{"name":"wp","href":"https:\/\/api.w.org\/{rel}","templated":true}]}}