{"id":277596,"date":"2023-03-27T15:05:02","date_gmt":"2023-03-27T12:05:02","guid":{"rendered":"http:\/\/sana.sy\/tr\/?p=277596"},"modified":"2023-03-28T09:50:18","modified_gmt":"2023-03-28T06:50:18","slug":"ulusal-deprem-merkezi-son-24-saatte-27-deprem-meydana-geldi","status":"publish","type":"post","link":"https:\/\/archive.sana.sy\/tr\/?p=277596","title":{"rendered":"Ulusal Deprem Merkezi: Son 24 Saatte 27 Deprem Meydana Geldi"},"content":{"rendered":"<p><strong>\u015eAM<\/strong> &#8211; Ulusal Deprem Merkezi, Ulusal Sismik \u0130zleme A\u011f\u0131 istasyonlar\u0131n\u0131n d\u00fcnden bug\u00fcn saat 07:30&#8217;a kadar b\u00fcy\u00fck \u00e7o\u011funlu\u011funun b\u00fcy\u00fckl\u00fc\u011f\u00fc Richter \u00f6l\u00e7e\u011fine g\u00f6re 1 ile 3,9 aras\u0131nda de\u011fi\u015fen ve farkl\u0131 derinliklerde 37,4&#8217;e ula\u015fan 27 deprem kaydetti\u011fini duyurdu.<\/p>\n<p>Merkezin yapt\u0131\u011f\u0131 ve SANA&#8217;n\u0131n bug\u00fcn bir n\u00fcshas\u0131n\u0131 ald\u0131\u011f\u0131 a\u00e7\u0131klamas\u0131nda, \u2018\u2019Ulusal Sismik \u0130zleme A\u011f\u0131 istasyonlar\u0131, \u0130skenderun K\u00f6rfezi&#8217;nde bir deprem ve T\u00fcrkiye&#8217;de be\u015f sars\u0131nt\u0131ya ek olarak, 26 km&#8217;de Lazkiye&#8217;nin kuzeybat\u0131s\u0131nda ve Hama&#8217;n\u0131n bat\u0131s\u0131nda birer, \u0130skenderun&#8217;da ise biri tugay\u0131n bat\u0131s\u0131nda, \u00fc\u00e7\u00fc \u0130dlib&#8217;in kuzeybat\u0131s\u0131nda olmak \u00fczere toplam 17 deprem izlendi.\u2019\u2019 dedi.<\/p>\n<p>&nbsp;<\/p>\n<p>R.M.<\/p>\n<p><a href=\"https:\/\/t.me\/SuriyeArapHaberAjansI\">Telegram Kanal\u0131m\u0131z\u00a0<\/a><\/p>\n<p><a href=\"https:\/\/www.facebook.com\/SANAHaberAjansi\/\">Facebook Sayfam\u0131z<\/a><\/p>\n","protected":false},"excerpt":{"rendered":"<p>\u015eAM &#8211; Ulusal Deprem Merkezi, Ulusal Sismik \u0130zleme A\u011f\u0131 istasyonlar\u0131n\u0131n d\u00fcnden bug\u00fcn saat 07:30&#8217;a kadar b\u00fcy\u00fck \u00e7o\u011funlu\u011funun b\u00fcy\u00fckl\u00fc\u011f\u00fc Richter \u00f6l\u00e7e\u011fine g\u00f6re 1 ile 3,9 aras\u0131nda de\u011fi\u015fen ve farkl\u0131 derinliklerde 37,4&#8217;e ula\u015fan 27 deprem kaydetti\u011fini duyurdu. Merkezin yapt\u0131\u011f\u0131 ve SANA&#8217;n\u0131n bug\u00fcn bir n\u00fcshas\u0131n\u0131 ald\u0131\u011f\u0131 a\u00e7\u0131klamas\u0131nda, \u2018\u2019Ulusal Sismik \u0130zleme A\u011f\u0131 istasyonlar\u0131, \u0130skenderun K\u00f6rfezi&#8217;nde bir deprem ve T\u00fcrkiye&#8217;de &hellip;<\/p>\n","protected":false},"author":41,"featured_media":277597,"comment_status":"closed","ping_status":"closed","sticky":false,"template":"","format":"standard","meta":{"footnotes":""},"categories":[479,17988,478],"tags":[],"class_list":["post-277596","post","type-post","status-publish","format-standard","has-post-thumbnail","","category-haberler-yerel","category-son-haberler","category-yerel"],"_links":{"self":[{"href":"https:\/\/archive.sana.sy\/tr\/index.php?rest_route=\/wp\/v2\/posts\/277596","targetHints":{"allow":["GET"]}}],"collection":[{"href":"https:\/\/archive.sana.sy\/tr\/index.php?rest_route=\/wp\/v2\/posts"}],"about":[{"href":"https:\/\/archive.sana.sy\/tr\/index.php?rest_route=\/wp\/v2\/types\/post"}],"author":[{"embeddable":true,"href":"https:\/\/archive.sana.sy\/tr\/index.php?rest_route=\/wp\/v2\/users\/41"}],"replies":[{"embeddable":true,"href":"https:\/\/archive.sana.sy\/tr\/index.php?rest_route=%2Fwp%2Fv2%2Fcomments&post=277596"}],"version-history":[{"count":0,"href":"https:\/\/archive.sana.sy\/tr\/index.php?rest_route=\/wp\/v2\/posts\/277596\/revisions"}],"wp:featuredmedia":[{"embeddable":true,"href":"https:\/\/archive.sana.sy\/tr\/index.php?rest_route=\/wp\/v2\/media\/277597"}],"wp:attachment":[{"href":"https:\/\/archive.sana.sy\/tr\/index.php?rest_route=%2Fwp%2Fv2%2Fmedia&parent=277596"}],"wp:term":[{"taxonomy":"category","embeddable":true,"href":"https:\/\/archive.sana.sy\/tr\/index.php?rest_route=%2Fwp%2Fv2%2Fcategories&post=277596"},{"taxonomy":"post_tag","embeddable":true,"href":"https:\/\/archive.sana.sy\/tr\/index.php?rest_route=%2Fwp%2Fv2%2Ftags&post=277596"}],"curies":[{"name":"wp","href":"https:\/\/api.w.org\/{rel}","templated":true}]}}