{"id":277599,"date":"2023-03-27T15:15:45","date_gmt":"2023-03-27T12:15:45","guid":{"rendered":"http:\/\/sana.sy\/tr\/?p=277599"},"modified":"2023-03-28T09:50:23","modified_gmt":"2023-03-28T06:50:23","slug":"peskov-bati-baskisi-rusyanin-belarusta-taktik-nukleer-silah-konuslandirma-planlarini-etkilemeyecek","status":"publish","type":"post","link":"https:\/\/archive.sana.sy\/tr\/?p=277599","title":{"rendered":"Peskov: Bat\u0131 Bask\u0131s\u0131 Rusya&#8217;n\u0131n Belarus&#8217;ta Taktik N\u00fckleer Silah Konu\u015fland\u0131rma Planlar\u0131n\u0131 Etkilemeyecek"},"content":{"rendered":"<p><strong>MOSKOVA<\/strong> &#8211; Rusya Cumhurba\u015fkanl\u0131\u011f\u0131 S\u00f6zc\u00fcs\u00fc Dmitry Peskov, bug\u00fcn Bat\u0131&#8217;n\u0131n tepkisi ve bask\u0131s\u0131n\u0131n Rusya&#8217;n\u0131n Belarus topraklar\u0131nda taktik n\u00fckleer silah konu\u015fland\u0131rma planlar\u0131n\u0131 etkilemeyece\u011fini duyurdu.<\/p>\n<p>Sputnik&#8217;in aktard\u0131\u011f\u0131na g\u00f6re Peskov, Bat\u0131&#8217;n\u0131n bu Rus planlar\u0131na y\u00f6nelik ele\u015ftirilerine yan\u0131t olarak gazetecilere, &#8220;Bu tepki kesinlikle Rusya&#8217;n\u0131n planlar\u0131n\u0131 de\u011fi\u015ftiremez&#8230; Devlet Ba\u015fkan\u0131 Vladimir Putin ge\u00e7en Cumartesi verdi\u011fi bir r\u00f6portajda yapt\u0131\u011f\u0131 a\u00e7\u0131klamalarda her \u015feyi netle\u015ftirdi&#8230; Buna eklenecek bir \u015fey yok.&#8221; dedi.<\/p>\n<p>Rusya Devlet Ba\u015fkan\u0131 Vladimir Putin, \u00f6nceki g\u00fcn (Russia 24) kanal\u0131na verdi\u011fi r\u00f6portajda, Moskova ve Minsk&#8217;in n\u00fckleer silahlar\u0131n yay\u0131lmas\u0131n\u0131n \u00f6nlenmesine ili\u015fkin y\u00fck\u00fcml\u00fcl\u00fcklere halel gelmeksizin Belarus&#8217;ta taktik n\u00fckleer silahlar konu\u015fland\u0131rma konusunda anla\u015ft\u0131\u011f\u0131n\u0131 duyurdu.<\/p>\n<p>\u00d6te yandan Peskov, Bat\u0131&#8217;n\u0131n Kuzey Ak\u0131m do\u011falgaz boru hatlar\u0131n\u0131n havaya u\u00e7urulmas\u0131 konusunun \u00fcst\u00fcn\u00fc \u00f6rtmek i\u00e7in her t\u00fcrl\u00fc \u00e7abay\u0131 g\u00f6sterdi\u011fine ancak Rusya&#8217;n\u0131n buna izin vermeyece\u011fine i\u015faret ederken, Eldeki verilerin, bu ter\u00f6r sald\u0131r\u0131s\u0131n\u0131n belirli \u00fclkelerin ve onlar\u0131n yetkin g\u00fcvenlik servislerinin kat\u0131l\u0131m\u0131 olmadan ger\u00e7ekle\u015ftirilemeyece\u011fini g\u00f6sterdi\u011fini a\u00e7\u0131klad\u0131.<\/p>\n<p>Peskov ayr\u0131ca, Rusya&#8217;n\u0131n (Kuzey Ak\u0131m) boru hatlar\u0131n\u0131 sabote etti\u011fi i\u00e7in tazminat talep etme olas\u0131l\u0131\u011f\u0131n\u0131n, mevcut ger\u00e7ekler \u0131\u015f\u0131\u011f\u0131nda tamamen hakl\u0131 olaca\u011f\u0131n\u0131 kaydetti.<\/p>\n<p>&nbsp;<\/p>\n<p>R.M.<\/p>\n<p><a href=\"https:\/\/t.me\/SuriyeArapHaberAjansI\">Telegram Kanal\u0131m\u0131z\u00a0<\/a><\/p>\n<p><a href=\"https:\/\/www.facebook.com\/SANAHaberAjansi\/\">Facebook Sayfam\u0131z<\/a><\/p>\n","protected":false},"excerpt":{"rendered":"<p>MOSKOVA &#8211; Rusya Cumhurba\u015fkanl\u0131\u011f\u0131 S\u00f6zc\u00fcs\u00fc Dmitry Peskov, bug\u00fcn Bat\u0131&#8217;n\u0131n tepkisi ve bask\u0131s\u0131n\u0131n Rusya&#8217;n\u0131n Belarus topraklar\u0131nda taktik n\u00fckleer silah konu\u015fland\u0131rma planlar\u0131n\u0131 etkilemeyece\u011fini duyurdu. Sputnik&#8217;in aktard\u0131\u011f\u0131na g\u00f6re Peskov, Bat\u0131&#8217;n\u0131n bu Rus planlar\u0131na y\u00f6nelik ele\u015ftirilerine yan\u0131t olarak gazetecilere, &#8220;Bu tepki kesinlikle Rusya&#8217;n\u0131n planlar\u0131n\u0131 de\u011fi\u015ftiremez&#8230; Devlet Ba\u015fkan\u0131 Vladimir Putin ge\u00e7en Cumartesi verdi\u011fi bir r\u00f6portajda yapt\u0131\u011f\u0131 a\u00e7\u0131klamalarda her \u015feyi netle\u015ftirdi&#8230; &hellip;<\/p>\n","protected":false},"author":41,"featured_media":277600,"comment_status":"closed","ping_status":"closed","sticky":false,"template":"","format":"standard","meta":{"footnotes":""},"categories":[458,459,17988],"tags":[],"class_list":["post-277599","post","type-post","status-publish","format-standard","has-post-thumbnail","","category-dunya1","category-haberler-arap-uluslararasi-politika","category-son-haberler"],"_links":{"self":[{"href":"https:\/\/archive.sana.sy\/tr\/index.php?rest_route=\/wp\/v2\/posts\/277599","targetHints":{"allow":["GET"]}}],"collection":[{"href":"https:\/\/archive.sana.sy\/tr\/index.php?rest_route=\/wp\/v2\/posts"}],"about":[{"href":"https:\/\/archive.sana.sy\/tr\/index.php?rest_route=\/wp\/v2\/types\/post"}],"author":[{"embeddable":true,"href":"https:\/\/archive.sana.sy\/tr\/index.php?rest_route=\/wp\/v2\/users\/41"}],"replies":[{"embeddable":true,"href":"https:\/\/archive.sana.sy\/tr\/index.php?rest_route=%2Fwp%2Fv2%2Fcomments&post=277599"}],"version-history":[{"count":0,"href":"https:\/\/archive.sana.sy\/tr\/index.php?rest_route=\/wp\/v2\/posts\/277599\/revisions"}],"wp:featuredmedia":[{"embeddable":true,"href":"https:\/\/archive.sana.sy\/tr\/index.php?rest_route=\/wp\/v2\/media\/277600"}],"wp:attachment":[{"href":"https:\/\/archive.sana.sy\/tr\/index.php?rest_route=%2Fwp%2Fv2%2Fmedia&parent=277599"}],"wp:term":[{"taxonomy":"category","embeddable":true,"href":"https:\/\/archive.sana.sy\/tr\/index.php?rest_route=%2Fwp%2Fv2%2Fcategories&post=277599"},{"taxonomy":"post_tag","embeddable":true,"href":"https:\/\/archive.sana.sy\/tr\/index.php?rest_route=%2Fwp%2Fv2%2Ftags&post=277599"}],"curies":[{"name":"wp","href":"https:\/\/api.w.org\/{rel}","templated":true}]}}