{"id":277617,"date":"2023-03-27T17:55:51","date_gmt":"2023-03-27T14:55:51","guid":{"rendered":"http:\/\/sana.sy\/tr\/?p=277617"},"modified":"2023-03-28T09:50:38","modified_gmt":"2023-03-28T06:50:38","slug":"tarim-bakani-lubnanli-mevkidasi-ile-iki-ulke-arasindaki-tarimsal-isbirliginin-tesvik-edilmesini-gorustu","status":"publish","type":"post","link":"https:\/\/archive.sana.sy\/tr\/?p=277617","title":{"rendered":"Tar\u0131m Bakan\u0131, L\u00fcbnanl\u0131 mevkida\u015f\u0131 \u0130le \u0130ki \u00dclke Aras\u0131ndaki Tar\u0131msal \u0130\u015fbirli\u011finin Te\u015fvik Edilmesini G\u00f6r\u00fc\u015ft\u00fc"},"content":{"rendered":"<p><strong>\u015eAM<\/strong> &#8211; Bug\u00fcn, Tar\u0131m ve Tar\u0131m Reformu Bakan\u0131 Muhammed Hassan Qatana, L\u00fcbnan Tar\u0131m Bakan\u0131 Abbas Hajj Hassan ile iyile\u015ftirilmi\u015f tohumlar, ormanc\u0131l\u0131k ve verimli fideler sa\u011flama a\u00e7\u0131s\u0131ndan tar\u0131m alan\u0131nda i\u015fbirli\u011fini art\u0131rman\u0131n yollar\u0131n\u0131 g\u00f6r\u00fc\u015ft\u00fc.<\/p>\n<p>Toplant\u0131 s\u0131ras\u0131nda kedimiz, L\u00fcbnan&#8217;da \u00fcretilen bu\u011fday tohumlar\u0131n\u0131n miktar\u0131n\u0131 art\u0131rmak i\u00e7in bakanl\u0131\u011f\u0131n i\u015fbirli\u011fi yapmaya, geli\u015ftirilmi\u015f tohumlar\u0131 \u00e7o\u011faltma konusunda uzmanla\u015fm\u0131\u015f teknik ekipler g\u00f6ndermeye ve \u00fcretken bir \u00e7ekirdek olu\u015fturmaya haz\u0131r oldu\u011funu vurgulayarak, L\u00fcbnan taraf\u0131na ge\u00e7en y\u0131l 400 bin orman fidan\u0131 temin edildi\u011fine i\u015faret etti.<\/p>\n<p>Katana, \u0131slah edilmi\u015f \u00e7e\u015fitler tescil edildikten ve mevcut olduktan sonra L\u00fcbnan&#8217;a \u0131slah edilmi\u015f tohumlar sa\u011flaman\u0131n m\u00fcmk\u00fcn oldu\u011funu belirtti.<\/p>\n<p>L\u00fcbnanl\u0131 bakan ise, tar\u0131m sekt\u00f6r\u00fcn\u00fc olumlu y\u00f6nde etkileyecek sonu\u00e7lara ula\u015fmak i\u00e7in transit konusunu tart\u0131\u015fmak \u00fczere toplant\u0131lar yap\u0131labilece\u011fini belirtirken, imzalanan muht\u0131ran\u0131n Suriye, L\u00fcbnan, \u00dcrd\u00fcn ve Irak aras\u0131nda ortak ve b\u00fct\u00fcnle\u015fik bir Arap eylemi tesis etti\u011fine ve di\u011fer Arap \u00fclkelerine yay\u0131labilece\u011fine i\u015faret etti.<\/p>\n<p>&nbsp;<\/p>\n<p>R.M.<\/p>\n<p><a href=\"https:\/\/t.me\/SuriyeArapHaberAjansI\">Telegram Kanal\u0131m\u0131z\u00a0<\/a><\/p>\n<p><a href=\"https:\/\/www.facebook.com\/SANAHaberAjansi\/\">Facebook Sayfam\u0131z<\/a><\/p>\n","protected":false},"excerpt":{"rendered":"<p>\u015eAM &#8211; Bug\u00fcn, Tar\u0131m ve Tar\u0131m Reformu Bakan\u0131 Muhammed Hassan Qatana, L\u00fcbnan Tar\u0131m Bakan\u0131 Abbas Hajj Hassan ile iyile\u015ftirilmi\u015f tohumlar, ormanc\u0131l\u0131k ve verimli fideler sa\u011flama a\u00e7\u0131s\u0131ndan tar\u0131m alan\u0131nda i\u015fbirli\u011fini art\u0131rman\u0131n yollar\u0131n\u0131 g\u00f6r\u00fc\u015ft\u00fc. Toplant\u0131 s\u0131ras\u0131nda kedimiz, L\u00fcbnan&#8217;da \u00fcretilen bu\u011fday tohumlar\u0131n\u0131n miktar\u0131n\u0131 art\u0131rmak i\u00e7in bakanl\u0131\u011f\u0131n i\u015fbirli\u011fi yapmaya, geli\u015ftirilmi\u015f tohumlar\u0131 \u00e7o\u011faltma konusunda uzmanla\u015fm\u0131\u015f teknik ekipler g\u00f6ndermeye ve \u00fcretken &hellip;<\/p>\n","protected":false},"author":41,"featured_media":277618,"comment_status":"closed","ping_status":"closed","sticky":false,"template":"","format":"standard","meta":{"footnotes":""},"categories":[485,486,479,17988,478],"tags":[],"class_list":["post-277617","post","type-post","status-publish","format-standard","has-post-thumbnail","","category-is-ve-sermaye","category-haberler-is-ve-sermaye","category-haberler-yerel","category-son-haberler","category-yerel"],"_links":{"self":[{"href":"https:\/\/archive.sana.sy\/tr\/index.php?rest_route=\/wp\/v2\/posts\/277617","targetHints":{"allow":["GET"]}}],"collection":[{"href":"https:\/\/archive.sana.sy\/tr\/index.php?rest_route=\/wp\/v2\/posts"}],"about":[{"href":"https:\/\/archive.sana.sy\/tr\/index.php?rest_route=\/wp\/v2\/types\/post"}],"author":[{"embeddable":true,"href":"https:\/\/archive.sana.sy\/tr\/index.php?rest_route=\/wp\/v2\/users\/41"}],"replies":[{"embeddable":true,"href":"https:\/\/archive.sana.sy\/tr\/index.php?rest_route=%2Fwp%2Fv2%2Fcomments&post=277617"}],"version-history":[{"count":0,"href":"https:\/\/archive.sana.sy\/tr\/index.php?rest_route=\/wp\/v2\/posts\/277617\/revisions"}],"wp:featuredmedia":[{"embeddable":true,"href":"https:\/\/archive.sana.sy\/tr\/index.php?rest_route=\/wp\/v2\/media\/277618"}],"wp:attachment":[{"href":"https:\/\/archive.sana.sy\/tr\/index.php?rest_route=%2Fwp%2Fv2%2Fmedia&parent=277617"}],"wp:term":[{"taxonomy":"category","embeddable":true,"href":"https:\/\/archive.sana.sy\/tr\/index.php?rest_route=%2Fwp%2Fv2%2Fcategories&post=277617"},{"taxonomy":"post_tag","embeddable":true,"href":"https:\/\/archive.sana.sy\/tr\/index.php?rest_route=%2Fwp%2Fv2%2Ftags&post=277617"}],"curies":[{"name":"wp","href":"https:\/\/api.w.org\/{rel}","templated":true}]}}