{"id":277620,"date":"2023-03-27T14:01:27","date_gmt":"2023-03-27T11:01:27","guid":{"rendered":"http:\/\/sana.sy\/tr\/?p=277620"},"modified":"2023-03-28T09:49:58","modified_gmt":"2023-03-28T06:49:58","slug":"bogdanov-rusya-afrikadaki-teror-varliginin-tehlikelerinin-farkindadir","status":"publish","type":"post","link":"https:\/\/archive.sana.sy\/tr\/?p=277620","title":{"rendered":"Bogdanov: Rusya, Afrika&#8217;daki Ter\u00f6r Varl\u0131\u011f\u0131n\u0131n Tehlikelerinin Fark\u0131ndad\u0131r"},"content":{"rendered":"<p><strong>MOSKOVA<\/strong> &#8211; Rusya Devlet Ba\u015fkan\u0131&#8217;n\u0131n Ortado\u011fu ve Afrika \u00dclkeleri \u00d6zel Temsilcisi D\u0131\u015fi\u015fleri Bakan Yard\u0131mc\u0131s\u0131 Mihail Bogdanov, \u00fclkesinin Afrika&#8217;daki ter\u00f6r ve a\u015f\u0131r\u0131l\u0131k yanl\u0131s\u0131 varl\u0131\u011f\u0131n yaratt\u0131\u011f\u0131 tehlikenin fark\u0131nda oldu\u011funu a\u00e7\u0131klad\u0131.<\/p>\n<p>TASS haber ajans\u0131n\u0131n aktard\u0131\u011f\u0131na g\u00f6re Bogdanov, Kongo Demokratik Cumhuriyeti Ulusal Meclisi Ba\u015fkan Yard\u0131mc\u0131s\u0131 Jean-Pierre Kanevu&#8217;nun Rusya&#8217;ya \u00fclkesindeki ter\u00f6r tehdidiyle m\u00fccadelede yard\u0131m sa\u011flamas\u0131 \u00e7a\u011fr\u0131s\u0131na yan\u0131t olarak, \u2018\u2019Diplomatik ve di\u011fer kanallar\u0131m\u0131z bu konuda Afrikal\u0131 yetkililerle temas halinde\u2019\u2019 diyerek, \u00fclkesinin, Afrika \u00fclkelerinde ter\u00f6ristlerin ve a\u015f\u0131r\u0131l\u0131k yanl\u0131lar\u0131n\u0131n varl\u0131\u011f\u0131n\u0131n tehlikesinin fark\u0131nda oldu\u011funu vurgulad\u0131.<\/p>\n<p>&nbsp;<\/p>\n<p>R.M.<\/p>\n<p><a href=\"https:\/\/t.me\/SuriyeArapHaberAjansI\">Telegram Kanal\u0131m\u0131z\u00a0<\/a><\/p>\n<p><a href=\"https:\/\/www.facebook.com\/SANAHaberAjansi\/\">Facebook Sayfam\u0131z<\/a><\/p>\n","protected":false},"excerpt":{"rendered":"<p>MOSKOVA &#8211; Rusya Devlet Ba\u015fkan\u0131&#8217;n\u0131n Ortado\u011fu ve Afrika \u00dclkeleri \u00d6zel Temsilcisi D\u0131\u015fi\u015fleri Bakan Yard\u0131mc\u0131s\u0131 Mihail Bogdanov, \u00fclkesinin Afrika&#8217;daki ter\u00f6r ve a\u015f\u0131r\u0131l\u0131k yanl\u0131s\u0131 varl\u0131\u011f\u0131n yaratt\u0131\u011f\u0131 tehlikenin fark\u0131nda oldu\u011funu a\u00e7\u0131klad\u0131. TASS haber ajans\u0131n\u0131n aktard\u0131\u011f\u0131na g\u00f6re Bogdanov, Kongo Demokratik Cumhuriyeti Ulusal Meclisi Ba\u015fkan Yard\u0131mc\u0131s\u0131 Jean-Pierre Kanevu&#8217;nun Rusya&#8217;ya \u00fclkesindeki ter\u00f6r tehdidiyle m\u00fccadelede yard\u0131m sa\u011flamas\u0131 \u00e7a\u011fr\u0131s\u0131na yan\u0131t olarak, \u2018\u2019Diplomatik ve &hellip;<\/p>\n","protected":false},"author":41,"featured_media":277621,"comment_status":"closed","ping_status":"closed","sticky":false,"template":"","format":"standard","meta":{"footnotes":""},"categories":[458,459,17988],"tags":[],"class_list":["post-277620","post","type-post","status-publish","format-standard","has-post-thumbnail","","category-dunya1","category-haberler-arap-uluslararasi-politika","category-son-haberler"],"_links":{"self":[{"href":"https:\/\/archive.sana.sy\/tr\/index.php?rest_route=\/wp\/v2\/posts\/277620","targetHints":{"allow":["GET"]}}],"collection":[{"href":"https:\/\/archive.sana.sy\/tr\/index.php?rest_route=\/wp\/v2\/posts"}],"about":[{"href":"https:\/\/archive.sana.sy\/tr\/index.php?rest_route=\/wp\/v2\/types\/post"}],"author":[{"embeddable":true,"href":"https:\/\/archive.sana.sy\/tr\/index.php?rest_route=\/wp\/v2\/users\/41"}],"replies":[{"embeddable":true,"href":"https:\/\/archive.sana.sy\/tr\/index.php?rest_route=%2Fwp%2Fv2%2Fcomments&post=277620"}],"version-history":[{"count":0,"href":"https:\/\/archive.sana.sy\/tr\/index.php?rest_route=\/wp\/v2\/posts\/277620\/revisions"}],"wp:featuredmedia":[{"embeddable":true,"href":"https:\/\/archive.sana.sy\/tr\/index.php?rest_route=\/wp\/v2\/media\/277621"}],"wp:attachment":[{"href":"https:\/\/archive.sana.sy\/tr\/index.php?rest_route=%2Fwp%2Fv2%2Fmedia&parent=277620"}],"wp:term":[{"taxonomy":"category","embeddable":true,"href":"https:\/\/archive.sana.sy\/tr\/index.php?rest_route=%2Fwp%2Fv2%2Fcategories&post=277620"},{"taxonomy":"post_tag","embeddable":true,"href":"https:\/\/archive.sana.sy\/tr\/index.php?rest_route=%2Fwp%2Fv2%2Ftags&post=277620"}],"curies":[{"name":"wp","href":"https:\/\/api.w.org\/{rel}","templated":true}]}}