{"id":277623,"date":"2023-03-27T18:13:20","date_gmt":"2023-03-27T15:13:20","guid":{"rendered":"http:\/\/sana.sy\/tr\/?p=277623"},"modified":"2023-03-28T09:50:43","modified_gmt":"2023-03-28T06:50:43","slug":"suriye-minsk-uluslararasi-kitap-fuarina-katildi","status":"publish","type":"post","link":"https:\/\/archive.sana.sy\/tr\/?p=277623","title":{"rendered":"Suriye, Minsk Uluslararas\u0131 Kitap Fuar\u0131&#8217;na Kat\u0131ld\u0131"},"content":{"rendered":"<p><strong>M<\/strong><strong>\u0130NSEK<\/strong> &#8211; Suriye, Minsk Uluslararas\u0131 Kitap Fuar\u0131&#8217;n\u0131n 30. oturumuna \u201cS\u0131n\u0131r Tan\u0131mayan Kitaplar D\u00fcnyas\u0131\u201d slogan\u0131yla kat\u0131ld\u0131.<\/p>\n<p><img loading=\"lazy\" decoding=\"async\" class=\"size-full wp-image-277625 alignright\" src=\"http:\/\/sana.sy\/tr\/wp-content\/uploads\/2023\/03\/photo_2023-03-27_17-43-54-225x300-1.jpg\" alt=\"\" width=\"225\" height=\"300\" \/>Minsk&#8217;teki Suriye B\u00fcy\u00fckel\u00e7ili\u011fi taraf\u0131ndan temsil edilen Suriye pavyonu, Suriye&#8217;nin tarihini ve medeniyetini ifade eden resimler, el sanatlar\u0131 ve geleneksel k\u0131yafetlerin yan\u0131 s\u0131ra Arap\u00e7a ve Rus\u00e7a dillerinde bir kitap koleksiyonu, yay\u0131nlar, bro\u015f\u00fcrler, k\u00fclt\u00fcrel ve turistik CD&#8217;ler i\u00e7erdi.<\/p>\n<p>Fuarda yer alan Suriye pavyonunu ziyaret eden Belarus D\u0131\u015fi\u015fleri ve Enformasyon Bakanlar\u0131 Sergey Aleinik ve Vladimir Pertsov, Suriye&#8217;nin Belarus B\u00fcy\u00fckel\u00e7isi Muhammed El Amrani ile iki dost \u00fclke aras\u0131ndaki k\u00fclt\u00fcrel i\u015fbirli\u011fini geli\u015ftirmenin yollar\u0131 hakk\u0131nda fikir al\u0131\u015fveri\u015finde bulunarak, \u00a0Suriye tarihine ve medeniyetine olan hayranl\u0131klar\u0131n\u0131 ifade ederek, sergiye kal\u0131c\u0131 kat\u0131l\u0131m\u0131ndan dolay\u0131 b\u00fcy\u00fckel\u00e7ili\u011fe te\u015fekk\u00fcr ettiler.<\/p>\n<p>\u00c7ok say\u0131da b\u00fcy\u00fckel\u00e7i ve Minsk&#8217;te akredite diplomatik misyon \u015feflerinin yan\u0131 s\u0131ra \u00e7ok say\u0131da Belarus vatanda\u015f\u0131 taraf\u0131ndan da ziyaret edilen pavyon, Belarus medyas\u0131nda geni\u015f yer buldu.<\/p>\n<p>&nbsp;<\/p>\n<div id='gallery-1' class='gallery galleryid-277623 gallery-columns-4 gallery-size-large'><figure class='gallery-item'>\n\t\t\t<div class='gallery-icon portrait'>\n\t\t\t\t<a href='https:\/\/archive.sana.sy\/tr\/?attachment_id=277626'><img loading=\"lazy\" decoding=\"async\" width=\"618\" height=\"798\" src=\"https:\/\/archive.sana.sy\/tr\/wp-content\/uploads\/2023\/03\/3-25.jpg\" class=\"attachment-large size-large\" alt=\"\" srcset=\"https:\/\/archive.sana.sy\/tr\/wp-content\/uploads\/2023\/03\/3-25.jpg 660w, https:\/\/archive.sana.sy\/tr\/wp-content\/uploads\/2023\/03\/3-25-232x300.jpg 232w\" sizes=\"auto, (max-width: 618px) 100vw, 618px\" \/><\/a>\n\t\t\t<\/div><\/figure><figure class='gallery-item'>\n\t\t\t<div class='gallery-icon landscape'>\n\t\t\t\t<a href='https:\/\/archive.sana.sy\/tr\/?attachment_id=277627'><img loading=\"lazy\" decoding=\"async\" width=\"618\" height=\"444\" src=\"https:\/\/archive.sana.sy\/tr\/wp-content\/uploads\/2023\/03\/1-34.jpg\" class=\"attachment-large size-large\" alt=\"\" srcset=\"https:\/\/archive.sana.sy\/tr\/wp-content\/uploads\/2023\/03\/1-34.jpg 660w, https:\/\/archive.sana.sy\/tr\/wp-content\/uploads\/2023\/03\/1-34-300x215.jpg 300w\" sizes=\"auto, (max-width: 618px) 100vw, 618px\" \/><\/a>\n\t\t\t<\/div><\/figure><figure class='gallery-item'>\n\t\t\t<div class='gallery-icon landscape'>\n\t\t\t\t<a href='https:\/\/archive.sana.sy\/tr\/?attachment_id=277628'><img loading=\"lazy\" decoding=\"async\" width=\"618\" height=\"448\" src=\"https:\/\/archive.sana.sy\/tr\/wp-content\/uploads\/2023\/03\/4-10.jpg\" class=\"attachment-large size-large\" alt=\"\" srcset=\"https:\/\/archive.sana.sy\/tr\/wp-content\/uploads\/2023\/03\/4-10.jpg 660w, https:\/\/archive.sana.sy\/tr\/wp-content\/uploads\/2023\/03\/4-10-300x217.jpg 300w\" sizes=\"auto, (max-width: 618px) 100vw, 618px\" \/><\/a>\n\t\t\t<\/div><\/figure><figure class='gallery-item'>\n\t\t\t<div class='gallery-icon portrait'>\n\t\t\t\t<a href='https:\/\/archive.sana.sy\/tr\/?attachment_id=277629'><img loading=\"lazy\" decoding=\"async\" width=\"618\" height=\"884\" src=\"https:\/\/archive.sana.sy\/tr\/wp-content\/uploads\/2023\/03\/2-39.jpg\" class=\"attachment-large size-large\" alt=\"\" srcset=\"https:\/\/archive.sana.sy\/tr\/wp-content\/uploads\/2023\/03\/2-39.jpg 660w, https:\/\/archive.sana.sy\/tr\/wp-content\/uploads\/2023\/03\/2-39-210x300.jpg 210w\" sizes=\"auto, (max-width: 618px) 100vw, 618px\" \/><\/a>\n\t\t\t<\/div><\/figure>\n\t\t<\/div>\n\n<p>&nbsp;<\/p>\n<p>R.M.<\/p>\n<p><a href=\"https:\/\/t.me\/SuriyeArapHaberAjansI\">Telegram Kanal\u0131m\u0131z\u00a0<\/a><\/p>\n<p><a href=\"https:\/\/www.facebook.com\/SANAHaberAjansi\/\">Facebook Sayfam\u0131z<\/a><\/p>\n","protected":false},"excerpt":{"rendered":"<p>M\u0130NSEK &#8211; Suriye, Minsk Uluslararas\u0131 Kitap Fuar\u0131&#8217;n\u0131n 30. oturumuna \u201cS\u0131n\u0131r Tan\u0131mayan Kitaplar D\u00fcnyas\u0131\u201d slogan\u0131yla kat\u0131ld\u0131. Minsk&#8217;teki Suriye B\u00fcy\u00fckel\u00e7ili\u011fi taraf\u0131ndan temsil edilen Suriye pavyonu, Suriye&#8217;nin tarihini ve medeniyetini ifade eden resimler, el sanatlar\u0131 ve geleneksel k\u0131yafetlerin yan\u0131 s\u0131ra Arap\u00e7a ve Rus\u00e7a dillerinde bir kitap koleksiyonu, yay\u0131nlar, bro\u015f\u00fcrler, k\u00fclt\u00fcrel ve turistik CD&#8217;ler i\u00e7erdi. Fuarda yer alan Suriye &hellip;<\/p>\n","protected":false},"author":41,"featured_media":277624,"comment_status":"closed","ping_status":"closed","sticky":false,"template":"","format":"standard","meta":{"footnotes":""},"categories":[458,516,459,511,17988],"tags":[],"class_list":["post-277623","post","type-post","status-publish","format-standard","has-post-thumbnail","","category-dunya1","category-haberler-kultur-ve-sanat","category-haberler-arap-uluslararasi-politika","category-kultur-ve-sanat","category-son-haberler"],"_links":{"self":[{"href":"https:\/\/archive.sana.sy\/tr\/index.php?rest_route=\/wp\/v2\/posts\/277623","targetHints":{"allow":["GET"]}}],"collection":[{"href":"https:\/\/archive.sana.sy\/tr\/index.php?rest_route=\/wp\/v2\/posts"}],"about":[{"href":"https:\/\/archive.sana.sy\/tr\/index.php?rest_route=\/wp\/v2\/types\/post"}],"author":[{"embeddable":true,"href":"https:\/\/archive.sana.sy\/tr\/index.php?rest_route=\/wp\/v2\/users\/41"}],"replies":[{"embeddable":true,"href":"https:\/\/archive.sana.sy\/tr\/index.php?rest_route=%2Fwp%2Fv2%2Fcomments&post=277623"}],"version-history":[{"count":0,"href":"https:\/\/archive.sana.sy\/tr\/index.php?rest_route=\/wp\/v2\/posts\/277623\/revisions"}],"wp:featuredmedia":[{"embeddable":true,"href":"https:\/\/archive.sana.sy\/tr\/index.php?rest_route=\/wp\/v2\/media\/277624"}],"wp:attachment":[{"href":"https:\/\/archive.sana.sy\/tr\/index.php?rest_route=%2Fwp%2Fv2%2Fmedia&parent=277623"}],"wp:term":[{"taxonomy":"category","embeddable":true,"href":"https:\/\/archive.sana.sy\/tr\/index.php?rest_route=%2Fwp%2Fv2%2Fcategories&post=277623"},{"taxonomy":"post_tag","embeddable":true,"href":"https:\/\/archive.sana.sy\/tr\/index.php?rest_route=%2Fwp%2Fv2%2Ftags&post=277623"}],"curies":[{"name":"wp","href":"https:\/\/api.w.org\/{rel}","templated":true}]}}