{"id":277631,"date":"2023-03-27T15:30:47","date_gmt":"2023-03-27T12:30:47","guid":{"rendered":"http:\/\/sana.sy\/tr\/?p=277631"},"modified":"2023-03-28T09:50:32","modified_gmt":"2023-03-28T06:50:32","slug":"sabbag-tayland-senato-baskanindan-depremzedeler-icin-taziye-mesaji-aldi","status":"publish","type":"post","link":"https:\/\/archive.sana.sy\/tr\/?p=277631","title":{"rendered":"Sabba\u011f, Tayland Senato Ba\u015fkan\u0131&#8217;ndan Depremzedeler \u0130\u00e7in Taziye Mesaj\u0131 Ald\u0131"},"content":{"rendered":"<p><strong>\u015eAM<\/strong> &#8211; Halk Meclisi Ba\u015fkan\u0131 Hamuda Swbba\u011f, Tayland Krall\u0131\u011f\u0131 Senato Ba\u015fkan\u0131 Bornpetch Vikit Choolchai&#8217;den ge\u00e7en \u015eubat ay\u0131n\u0131n 6&#8217;s\u0131nda sabaha kar\u015f\u0131 Suriye&#8217;nin baz\u0131 illerini vuran y\u0131k\u0131c\u0131 depremin kurbanlar\u0131 i\u00e7in bir taziye mesaj\u0131 ald\u0131.<\/p>\n<p>Chulcay, Senato ad\u0131na g\u00f6nderdi\u011fi mesajda, hayat\u0131n\u0131 kaybedenlerin ailelerine ba\u015fsa\u011fl\u0131\u011f\u0131 ve ba\u015fsa\u011fl\u0131\u011f\u0131 dileyerek, bu felaketin yans\u0131malar\u0131na kar\u015f\u0131 Suriye halk\u0131n\u0131n yan\u0131nda olduklar\u0131n\u0131 ifade etti.<\/p>\n<p>&nbsp;<\/p>\n<p>R.M.<\/p>\n<p><a href=\"https:\/\/t.me\/SuriyeArapHaberAjansI\">Telegram Kanal\u0131m\u0131z\u00a0<\/a><\/p>\n<p><a href=\"https:\/\/www.facebook.com\/SANAHaberAjansi\/\">Facebook Sayfam\u0131z<\/a><\/p>\n","protected":false},"excerpt":{"rendered":"<p>\u015eAM &#8211; Halk Meclisi Ba\u015fkan\u0131 Hamuda Swbba\u011f, Tayland Krall\u0131\u011f\u0131 Senato Ba\u015fkan\u0131 Bornpetch Vikit Choolchai&#8217;den ge\u00e7en \u015eubat ay\u0131n\u0131n 6&#8217;s\u0131nda sabaha kar\u015f\u0131 Suriye&#8217;nin baz\u0131 illerini vuran y\u0131k\u0131c\u0131 depremin kurbanlar\u0131 i\u00e7in bir taziye mesaj\u0131 ald\u0131. Chulcay, Senato ad\u0131na g\u00f6nderdi\u011fi mesajda, hayat\u0131n\u0131 kaybedenlerin ailelerine ba\u015fsa\u011fl\u0131\u011f\u0131 ve ba\u015fsa\u011fl\u0131\u011f\u0131 dileyerek, bu felaketin yans\u0131malar\u0131na kar\u015f\u0131 Suriye halk\u0131n\u0131n yan\u0131nda olduklar\u0131n\u0131 ifade etti. &nbsp; &hellip;<\/p>\n","protected":false},"author":41,"featured_media":277632,"comment_status":"closed","ping_status":"closed","sticky":false,"template":"","format":"standard","meta":{"footnotes":""},"categories":[479,17988,478],"tags":[],"class_list":["post-277631","post","type-post","status-publish","format-standard","has-post-thumbnail","","category-haberler-yerel","category-son-haberler","category-yerel"],"_links":{"self":[{"href":"https:\/\/archive.sana.sy\/tr\/index.php?rest_route=\/wp\/v2\/posts\/277631","targetHints":{"allow":["GET"]}}],"collection":[{"href":"https:\/\/archive.sana.sy\/tr\/index.php?rest_route=\/wp\/v2\/posts"}],"about":[{"href":"https:\/\/archive.sana.sy\/tr\/index.php?rest_route=\/wp\/v2\/types\/post"}],"author":[{"embeddable":true,"href":"https:\/\/archive.sana.sy\/tr\/index.php?rest_route=\/wp\/v2\/users\/41"}],"replies":[{"embeddable":true,"href":"https:\/\/archive.sana.sy\/tr\/index.php?rest_route=%2Fwp%2Fv2%2Fcomments&post=277631"}],"version-history":[{"count":0,"href":"https:\/\/archive.sana.sy\/tr\/index.php?rest_route=\/wp\/v2\/posts\/277631\/revisions"}],"wp:featuredmedia":[{"embeddable":true,"href":"https:\/\/archive.sana.sy\/tr\/index.php?rest_route=\/wp\/v2\/media\/277632"}],"wp:attachment":[{"href":"https:\/\/archive.sana.sy\/tr\/index.php?rest_route=%2Fwp%2Fv2%2Fmedia&parent=277631"}],"wp:term":[{"taxonomy":"category","embeddable":true,"href":"https:\/\/archive.sana.sy\/tr\/index.php?rest_route=%2Fwp%2Fv2%2Fcategories&post=277631"},{"taxonomy":"post_tag","embeddable":true,"href":"https:\/\/archive.sana.sy\/tr\/index.php?rest_route=%2Fwp%2Fv2%2Ftags&post=277631"}],"curies":[{"name":"wp","href":"https:\/\/api.w.org\/{rel}","templated":true}]}}