{"id":277634,"date":"2023-03-27T19:04:23","date_gmt":"2023-03-27T16:04:23","guid":{"rendered":"http:\/\/sana.sy\/tr\/?p=277634"},"modified":"2023-03-29T09:07:43","modified_gmt":"2023-03-29T06:07:43","slug":"suriye-irak-lubnan-ve-urdunde-tarim-bakanlari-dortlu-toplantisinin-sonuclari-nelerdir","status":"publish","type":"post","link":"https:\/\/archive.sana.sy\/tr\/?p=277634","title":{"rendered":"Suriye, Irak, L\u00fcbnan ve \u00dcrd\u00fcn&#8217;de Tar\u0131m Bakanlar\u0131 D\u00f6rtl\u00fc Toplant\u0131s\u0131n\u0131n Sonu\u00e7lar\u0131 Nelerdir?"},"content":{"rendered":"<p><strong>\u015eAM<\/strong> &#8211; Suriye, \u00dcrd\u00fcn, Irak ve L\u00fcbnan&#8217;daki Tar\u0131m Bakanlar\u0131, iklim de\u011fi\u015fikli\u011fiyle m\u00fccadele etmek ve g\u0131da g\u00fcvenli\u011fini sa\u011flamak i\u00e7in ortak b\u00f6lgesel projeler olu\u015fturmak \u00fczere d\u00f6rt \u00fclkedeki tar\u0131m bakanl\u0131klar\u0131 ile uluslararas\u0131 kurulu\u015flar aras\u0131nda ortakl\u0131klar olu\u015fturmak i\u00e7in bir \u00e7al\u0131\u015fma grubu olu\u015fturulmas\u0131 gere\u011fini vurgulad\u0131lar.<\/p>\n<p>\u015eam&#8217;da d\u00fczenlenen d\u00f6rtl\u00fc toplant\u0131da yay\u0131nlanan nihai bildiride bakanlar, tar\u0131m ve g\u0131da alan\u0131nda en iyi koordinasyon d\u00fczeylerini elde etmek i\u00e7in tar\u0131m alanlar\u0131 ve ilgili hizmetlerde i\u015fbirli\u011fi, koordinasyon ve entegrasyon i\u00e7in bir form\u00fcl bulma konusunda anla\u015ft\u0131lar.<\/p>\n<p>Bakanlar, platformun kurulmas\u0131n\u0131n, d\u00f6rt \u00fclkede \u00fczerinde anla\u015fmaya var\u0131lan tar\u0131msal takvim, mevzuat, planlar ve tar\u0131m programlar\u0131 dahilinde dola\u015f\u0131ma sunulan \u00fcr\u00fcn miktar\u0131n\u0131n ve \u00fcretim gereksinimlerinin belirlenmesine yard\u0131mc\u0131 olan tar\u0131msal istatistiki verilerin de\u011fi\u015f toku\u015funa katk\u0131da bulunaca\u011f\u0131n\u0131 belirtti.<\/p>\n<p>Bakanlar ayr\u0131ca, tar\u0131m \u00fcr\u00fcnlerinin pazarlanmas\u0131, d\u00f6rt \u00fclkede s\u00f6zle\u015fmeli \u00e7ift\u00e7ili\u011fin etkinle\u015ftirilmesi ve g\u0131da konusunda uzmanla\u015fm\u0131\u015f \u00f6zel sekt\u00f6rden pazarlama \u015firketlerinin kurulmas\u0131 yoluyla tar\u0131m \u00fcr\u00fcnleri m\u00fcbadelesinin geli\u015ftirilmesini vurgulad\u0131lar.<\/p>\n<p>Bakanlar, \u00fczerinde anla\u015fmaya var\u0131lan hususlar\u0131 takip etmek, engelleri tart\u0131\u015fmak ve uygun \u00e7\u00f6z\u00fcmler \u00f6nermek ve bug\u00fcn imzalanan d\u00f6rtl\u00fc mutabakat zapt\u0131 h\u00fck\u00fcmlerini sahada mutabakata dayal\u0131, icrai tedbirlere d\u00f6n\u00fc\u015ft\u00fcrmek i\u00e7in ortak bir teknik koordinasyon komitesi kurma konusunda da anla\u015ft\u0131lar.<\/p>\n<p>Sonu\u00e7 bildirgesi, bilimsel ve teknik bilgi ve bilimsel ara\u015ft\u0131rma sonu\u00e7lar\u0131n\u0131n de\u011fi\u015f toku\u015fu ve tar\u0131m ve \u00e7evre alanlar\u0131nda ortak ara\u015ft\u0131rma programlar\u0131n\u0131n uygulanmas\u0131 yoluyla tar\u0131msal bilimsel ara\u015ft\u0131rma ve bitkisel \u00fcretim alan\u0131nda i\u015fbirli\u011fini etkinle\u015ftirmenin yollar\u0131n\u0131 sundu.<\/p>\n<p>Hayvansal \u00fcretim ve besicilik alan\u0131nda, veteriner karantina, veteriner sa\u011fl\u0131k sertifikalar\u0131n\u0131n de\u011fi\u015fimi, bu sertifikalar\u0131n taraf devletler nezdinde standardizasyonu, hayvan sa\u011fl\u0131\u011f\u0131 ve veteriner ila\u00e7lar\u0131 alan\u0131nda deneyim payla\u015f\u0131m\u0131 konular\u0131nda i\u015fbirli\u011fi yap\u0131lmas\u0131 kararla\u015ft\u0131r\u0131ld\u0131.<\/p>\n<p>Emtia ve tar\u0131m \u00fcr\u00fcnlerinin m\u00fcbadelesi alan\u0131nda ise, taraf devletler aras\u0131nda bilimsel ve teknik alanda koordinasyon ve i\u015fbirli\u011fi ile ticaret al\u0131\u015fveri\u015fi i\u00e7in bir plan geli\u015ftirilmesi ve her \u00fclkenin ulusal \u00e7\u0131karlar\u0131 korunurken aralar\u0131nda tar\u0131msal emtia ak\u0131\u015f\u0131n\u0131n kolayla\u015ft\u0131r\u0131lmas\u0131 konusunda mutabakata var\u0131ld\u0131.<\/p>\n<p>&nbsp;<\/p>\n<p>R.M.<\/p>\n<p><a href=\"https:\/\/t.me\/SuriyeArapHaberAjansI\">Telegram Kanal\u0131m\u0131z\u00a0<\/a><\/p>\n<p><a href=\"https:\/\/www.facebook.com\/SANAHaberAjansi\/\">Facebook Sayfam\u0131z<\/a><\/p>\n","protected":false},"excerpt":{"rendered":"<p>\u015eAM &#8211; Suriye, \u00dcrd\u00fcn, Irak ve L\u00fcbnan&#8217;daki Tar\u0131m Bakanlar\u0131, iklim de\u011fi\u015fikli\u011fiyle m\u00fccadele etmek ve g\u0131da g\u00fcvenli\u011fini sa\u011flamak i\u00e7in ortak b\u00f6lgesel projeler olu\u015fturmak \u00fczere d\u00f6rt \u00fclkedeki tar\u0131m bakanl\u0131klar\u0131 ile uluslararas\u0131 kurulu\u015flar aras\u0131nda ortakl\u0131klar olu\u015fturmak i\u00e7in bir \u00e7al\u0131\u015fma grubu olu\u015fturulmas\u0131 gere\u011fini vurgulad\u0131lar. \u015eam&#8217;da d\u00fczenlenen d\u00f6rtl\u00fc toplant\u0131da yay\u0131nlanan nihai bildiride bakanlar, tar\u0131m ve g\u0131da alan\u0131nda en iyi koordinasyon &hellip;<\/p>\n","protected":false},"author":41,"featured_media":277635,"comment_status":"closed","ping_status":"closed","sticky":false,"template":"","format":"standard","meta":{"footnotes":""},"categories":[485,486,479,17988,478],"tags":[],"class_list":["post-277634","post","type-post","status-publish","format-standard","has-post-thumbnail","","category-is-ve-sermaye","category-haberler-is-ve-sermaye","category-haberler-yerel","category-son-haberler","category-yerel"],"_links":{"self":[{"href":"https:\/\/archive.sana.sy\/tr\/index.php?rest_route=\/wp\/v2\/posts\/277634","targetHints":{"allow":["GET"]}}],"collection":[{"href":"https:\/\/archive.sana.sy\/tr\/index.php?rest_route=\/wp\/v2\/posts"}],"about":[{"href":"https:\/\/archive.sana.sy\/tr\/index.php?rest_route=\/wp\/v2\/types\/post"}],"author":[{"embeddable":true,"href":"https:\/\/archive.sana.sy\/tr\/index.php?rest_route=\/wp\/v2\/users\/41"}],"replies":[{"embeddable":true,"href":"https:\/\/archive.sana.sy\/tr\/index.php?rest_route=%2Fwp%2Fv2%2Fcomments&post=277634"}],"version-history":[{"count":0,"href":"https:\/\/archive.sana.sy\/tr\/index.php?rest_route=\/wp\/v2\/posts\/277634\/revisions"}],"wp:featuredmedia":[{"embeddable":true,"href":"https:\/\/archive.sana.sy\/tr\/index.php?rest_route=\/wp\/v2\/media\/277635"}],"wp:attachment":[{"href":"https:\/\/archive.sana.sy\/tr\/index.php?rest_route=%2Fwp%2Fv2%2Fmedia&parent=277634"}],"wp:term":[{"taxonomy":"category","embeddable":true,"href":"https:\/\/archive.sana.sy\/tr\/index.php?rest_route=%2Fwp%2Fv2%2Fcategories&post=277634"},{"taxonomy":"post_tag","embeddable":true,"href":"https:\/\/archive.sana.sy\/tr\/index.php?rest_route=%2Fwp%2Fv2%2Ftags&post=277634"}],"curies":[{"name":"wp","href":"https:\/\/api.w.org\/{rel}","templated":true}]}}