{"id":277638,"date":"2023-03-27T23:42:21","date_gmt":"2023-03-27T20:42:21","guid":{"rendered":"https:\/\/sana.sy\/tr\/?p=277638"},"modified":"2023-03-29T09:36:11","modified_gmt":"2023-03-29T06:36:11","slug":"sayin-esma-esad-dashtiyi-kabul-etti-gorusmede-kalkinmanin-kaldiraclarindan-biri-oldugu-icin-suriyenin-kucuk-projeler-vizyonu-ele-alindi","status":"publish","type":"post","link":"https:\/\/archive.sana.sy\/tr\/?p=277638","title":{"rendered":"Say\u0131n Esma Esad, Dashti&#8217;yi Kabul Etti&#8230; G\u00f6r\u00fc\u015fmede, Kalk\u0131nman\u0131n Kald\u0131ra\u00e7lar\u0131ndan Biri Oldu\u011fu \u0130\u00e7in Suriye&#8217;nin K\u00fc\u00e7\u00fck Projeler Vizyonu Ele Al\u0131nd\u0131"},"content":{"rendered":"<p><strong>\u015eAM<\/strong> &#8211; First Lady Esma Esad, k\u00fc\u00e7\u00fck, orta ve mikro i\u015fletmelerin ortam\u0131n\u0131 geli\u015ftirme alan\u0131nda Suriye kurumlar\u0131 ile ESCWA aras\u0131ndaki i\u015fbirli\u011fi yollar\u0131n\u0131 ve bu sekt\u00f6r\u00fcn kar\u015f\u0131la\u015ft\u0131\u011f\u0131 zorluklar\u0131 g\u00f6r\u00fc\u015fmek \u00fczere \u00f6rg\u00fct\u00fcn uzmanlar\u0131ndan olu\u015fan bir heyet ile Suriye&#8217;yi ziyaret eden Birle\u015fmi\u015f Milletler Bat\u0131 Asya Ekonomik ve Sosyal Komisyonu (ESCWA) \u0130cra Sekreteri Dr. Rola Dashti&#8217;yi kabul etti.<\/p>\n<p>Say\u0131n Esma Esad, Suriye&#8217;nin ekonomik ve sosyal kalk\u0131nman\u0131n kald\u0131ra\u00e7lar\u0131ndan biri ve sava\u015f\u0131n yans\u0131malar\u0131yla ve ard\u0131ndan Suriye&#8217;yi vuran deprem felaketinin dayatt\u0131\u011f\u0131 \u015fiddetli zorluklarla y\u00fczle\u015fmek i\u00e7in etkili bir se\u00e7enek olarak k\u00fc\u00e7\u00fck projeler vizyonundan bahsetti.<\/p>\n<p>First lady, &#8221;Bu vizyon, devletin bu projeleri yeniden konumland\u0131rma ve birden fazla d\u00fczeyde s\u00fcrekli ve entegre bir temelde ulusal ekonomi politikas\u0131n\u0131n temel ve \u00f6nemli bir par\u00e7as\u0131 haline getirme konusundaki stratejik karar\u0131yla yans\u0131t\u0131ld\u0131.Ama\u00e7, \u00f6zellikle bu projeler \u00e7e\u015fitli ve birbiriyle ili\u015fkili bir\u00e7ok fakt\u00f6rden etkilendi\u011fi i\u00e7in, \u00e7al\u0131\u015fmas\u0131 ve yasal, yasal ve kurumsal geli\u015fimi i\u00e7in uygun bir ortam sa\u011flayarak bu t\u00fcr bir ekonomiyi canland\u0131rmakt\u0131.&#8221; dedi.<\/p>\n<p><img loading=\"lazy\" decoding=\"async\" class=\"size-medium wp-image-277640 alignright\" src=\"http:\/\/sana.sy\/tr\/wp-content\/uploads\/2023\/03\/006-1-300x168.jpg\" alt=\"\" width=\"300\" height=\"168\" srcset=\"https:\/\/archive.sana.sy\/tr\/wp-content\/uploads\/2023\/03\/006-1-300x168.jpg 300w, https:\/\/archive.sana.sy\/tr\/wp-content\/uploads\/2023\/03\/006-1.jpg 660w\" sizes=\"auto, (max-width: 300px) 100vw, 300px\" \/>Dr. Dashti, 20 Arap \u00fclkesinden olu\u015fan komitenin \u00fcye \u00fclkeleri aras\u0131nda kalk\u0131nmay\u0131 desteklemek, ekonomik faaliyetleri canland\u0131rmak ve i\u015fbirli\u011fini geli\u015ftirmek i\u00e7in komitenin \u00e7al\u0131\u015fma alanlar\u0131n\u0131n isimlerini han\u0131ma sunarak, ESCWA&#8217;n\u0131n ilgili resmi kurumlar ve sivil toplum kurulu\u015flar\u0131 ile Suriye ile i\u015fbirli\u011fini geli\u015ftirmekle ilgilendi\u011fini ifade etti.<\/p>\n<p>Dr. Dashti ayr\u0131c, liderlik ruhunun Arap toplumlar\u0131nda var oldu\u011funu ve ortam\u0131 yaratman\u0131n ve onun istihdam\u0131na ve geli\u015fmesine yard\u0131mc\u0131 olacak malzemeleri sa\u011flaman\u0131n h\u00fck\u00fcmetlerin sorumlulu\u011funda oldu\u011funu vurgulad\u0131.<\/p>\n<p>Dr. Dashti, mevcut \u00e7abalar\u0131n ba\u015far\u0131 ile ta\u00e7land\u0131r\u0131lmas\u0131 halinde Suriye&#8217;deki kay\u0131t d\u0131\u015f\u0131 ekonomiyi kay\u0131tl\u0131 ekonomi i\u00e7inde yap\u0131land\u0131rabilirsek, di\u011fer Arap \u00fclkelerinde kullan\u0131labilecek \u00f6nc\u00fc bir modelle kar\u015f\u0131 kar\u015f\u0131ya kalaca\u011f\u0131m\u0131z\u0131 da de\u011ferlendirdi.<\/p>\n<p>G\u00f6r\u00fc\u015fmeye, Ekonomi Bakan\u0131 Dr. Samer El Halil ve Devlet Planlama Komisyonu Ba\u015fkan\u0131 Dr. Fadi Salti El Halil kat\u0131ld\u0131.<\/p>\n<p>R.M<\/p>\n<p><a href=\"https:\/\/t.me\/SuriyeArapHaberAjansI\">Telegram Kanal\u0131m\u0131z\u00a0<\/a><\/p>\n<p><a href=\"https:\/\/www.facebook.com\/SANAHaberAjansi\/\">Facebook Sayfam\u0131z<\/a><\/p>\n","protected":false},"excerpt":{"rendered":"<p>\u015eAM &#8211; First Lady Esma Esad, k\u00fc\u00e7\u00fck, orta ve mikro i\u015fletmelerin ortam\u0131n\u0131 geli\u015ftirme alan\u0131nda Suriye kurumlar\u0131 ile ESCWA aras\u0131ndaki i\u015fbirli\u011fi yollar\u0131n\u0131 ve bu sekt\u00f6r\u00fcn kar\u015f\u0131la\u015ft\u0131\u011f\u0131 zorluklar\u0131 g\u00f6r\u00fc\u015fmek \u00fczere \u00f6rg\u00fct\u00fcn uzmanlar\u0131ndan olu\u015fan bir heyet ile Suriye&#8217;yi ziyaret eden Birle\u015fmi\u015f Milletler Bat\u0131 Asya Ekonomik ve Sosyal Komisyonu (ESCWA) \u0130cra Sekreteri Dr. Rola Dashti&#8217;yi kabul etti. Say\u0131n Esma &hellip;<\/p>\n","protected":false},"author":41,"featured_media":277639,"comment_status":"closed","ping_status":"closed","sticky":false,"template":"","format":"standard","meta":{"footnotes":""},"categories":[606,479,605,17988,478],"tags":[],"class_list":["post-277638","post","type-post","status-publish","format-standard","has-post-thumbnail","","category-cumhurbaskani","category-haberler-yerel","category-sayin-cumhurbaskani","category-son-haberler","category-yerel"],"_links":{"self":[{"href":"https:\/\/archive.sana.sy\/tr\/index.php?rest_route=\/wp\/v2\/posts\/277638","targetHints":{"allow":["GET"]}}],"collection":[{"href":"https:\/\/archive.sana.sy\/tr\/index.php?rest_route=\/wp\/v2\/posts"}],"about":[{"href":"https:\/\/archive.sana.sy\/tr\/index.php?rest_route=\/wp\/v2\/types\/post"}],"author":[{"embeddable":true,"href":"https:\/\/archive.sana.sy\/tr\/index.php?rest_route=\/wp\/v2\/users\/41"}],"replies":[{"embeddable":true,"href":"https:\/\/archive.sana.sy\/tr\/index.php?rest_route=%2Fwp%2Fv2%2Fcomments&post=277638"}],"version-history":[{"count":0,"href":"https:\/\/archive.sana.sy\/tr\/index.php?rest_route=\/wp\/v2\/posts\/277638\/revisions"}],"wp:featuredmedia":[{"embeddable":true,"href":"https:\/\/archive.sana.sy\/tr\/index.php?rest_route=\/wp\/v2\/media\/277639"}],"wp:attachment":[{"href":"https:\/\/archive.sana.sy\/tr\/index.php?rest_route=%2Fwp%2Fv2%2Fmedia&parent=277638"}],"wp:term":[{"taxonomy":"category","embeddable":true,"href":"https:\/\/archive.sana.sy\/tr\/index.php?rest_route=%2Fwp%2Fv2%2Fcategories&post=277638"},{"taxonomy":"post_tag","embeddable":true,"href":"https:\/\/archive.sana.sy\/tr\/index.php?rest_route=%2Fwp%2Fv2%2Ftags&post=277638"}],"curies":[{"name":"wp","href":"https:\/\/api.w.org\/{rel}","templated":true}]}}