{"id":27775,"date":"2015-03-26T15:49:35","date_gmt":"2015-03-26T13:49:35","guid":{"rendered":"http:\/\/www.sana.sy\/tr\/?p=27775"},"modified":"2015-03-27T17:25:07","modified_gmt":"2015-03-27T14:25:07","slug":"zebadani-bolgesinde-3-tepe-ordunun-kontrolune-gecti","status":"publish","type":"post","link":"https:\/\/archive.sana.sy\/tr\/?p=27775","title":{"rendered":"Zebadani B\u00f6lgesinde 3 Tepe Ordunun Kontrol\u00fcne Ge\u00e7ti"},"content":{"rendered":"<p>\u015eAM KIRSALI \u2013 Ordu birliklerimizi d\u0131\u015f destekli radikal ve hain ter\u00f6r \u00e7etelere y\u00f6nelik ba\u015far\u0131lar\u0131n\u0131 s\u00fcrd\u00fcr\u00fcrken bug\u00fcn \u015eam k\u0131rsal\u0131 Zebadani B\u00f6lgesinin bat\u0131 da\u011flar\u0131nda 3 tepeyi ter\u00f6r \u00e7etelerinden temizleyerek g\u00fcvenlik ve kontrol\u00fc eline ge\u00e7irdi.<\/p>\n<p>Askeri bir kaynak ordu birliklerimizin s\u00f6z konusu b\u00f6lgede U\u015f el Nusur, \u015eiyr el Taka ve \u015eiyr el Cuba tepelerini ter\u00f6ristlerden temizleyip kontrol\u00fc eline ge\u00e7irdiklerini belirtirken; L\u00fcbnan s\u0131n\u0131rlar\u0131ndan 11 km uzakl\u0131kta d\u00fc\u015fen bu tepelerin stratejik \u00f6nemine dikkat \u00e7ekti.<\/p>\n<p>Operasyonlarda y\u00fcksek say\u0131da ter\u00f6ristin te\u00e7hizatlar\u0131yla birlikte etkisizle\u015ftirildi\u011fini belirten kaynak; b\u00f6lgede ka\u00e7an ve saklanan \u00e7etelere y\u00f6nelik operasyonlar\u0131n devam etti\u011fini s\u00f6zlerine ekledi.<\/p>\n<p>A.A. &#8211; M.M.<\/p>\n","protected":false},"excerpt":{"rendered":"<p>\u015eAM KIRSALI \u2013 Ordu birliklerimizi d\u0131\u015f destekli radikal ve hain ter\u00f6r \u00e7etelere y\u00f6nelik ba\u015far\u0131lar\u0131n\u0131 s\u00fcrd\u00fcr\u00fcrken bug\u00fcn \u015eam k\u0131rsal\u0131 Zebadani B\u00f6lgesinin bat\u0131 da\u011flar\u0131nda 3 tepeyi ter\u00f6r \u00e7etelerinden temizleyerek g\u00fcvenlik ve kontrol\u00fc eline ge\u00e7irdi. Askeri bir kaynak ordu birliklerimizin s\u00f6z konusu b\u00f6lgede U\u015f el Nusur, \u015eiyr el Taka ve \u015eiyr el Cuba tepelerini ter\u00f6ristlerden temizleyip kontrol\u00fc eline &hellip;<\/p>\n","protected":false},"author":1,"featured_media":27776,"comment_status":"closed","ping_status":"closed","sticky":false,"template":"","format":"standard","meta":{"footnotes":""},"categories":[575],"tags":[12994,12993],"class_list":["post-27775","post","type-post","status-publish","format-standard","has-post-thumbnail","","category-olaylar-ve-gercekler","tag-sam-kirsali-ordu-birliklerimizi-dis-destekli-radikal-ve-hain-teror-cetelere-yonelik-basarilarini-surdururken-bugun-sam-kirsali-zebadani-bolgesinin-bati-daglarinda-3-tepeyi-teror-cetelerinden","tag-zebadani-bolgesinde-3-tepe-ordunun-kontrolune-gecti"],"_links":{"self":[{"href":"https:\/\/archive.sana.sy\/tr\/index.php?rest_route=\/wp\/v2\/posts\/27775","targetHints":{"allow":["GET"]}}],"collection":[{"href":"https:\/\/archive.sana.sy\/tr\/index.php?rest_route=\/wp\/v2\/posts"}],"about":[{"href":"https:\/\/archive.sana.sy\/tr\/index.php?rest_route=\/wp\/v2\/types\/post"}],"author":[{"embeddable":true,"href":"https:\/\/archive.sana.sy\/tr\/index.php?rest_route=\/wp\/v2\/users\/1"}],"replies":[{"embeddable":true,"href":"https:\/\/archive.sana.sy\/tr\/index.php?rest_route=%2Fwp%2Fv2%2Fcomments&post=27775"}],"version-history":[{"count":0,"href":"https:\/\/archive.sana.sy\/tr\/index.php?rest_route=\/wp\/v2\/posts\/27775\/revisions"}],"wp:featuredmedia":[{"embeddable":true,"href":"https:\/\/archive.sana.sy\/tr\/index.php?rest_route=\/wp\/v2\/media\/27776"}],"wp:attachment":[{"href":"https:\/\/archive.sana.sy\/tr\/index.php?rest_route=%2Fwp%2Fv2%2Fmedia&parent=27775"}],"wp:term":[{"taxonomy":"category","embeddable":true,"href":"https:\/\/archive.sana.sy\/tr\/index.php?rest_route=%2Fwp%2Fv2%2Fcategories&post=27775"},{"taxonomy":"post_tag","embeddable":true,"href":"https:\/\/archive.sana.sy\/tr\/index.php?rest_route=%2Fwp%2Fv2%2Ftags&post=27775"}],"curies":[{"name":"wp","href":"https:\/\/api.w.org\/{rel}","templated":true}]}}