{"id":277752,"date":"2023-03-29T15:14:15","date_gmt":"2023-03-29T12:14:15","guid":{"rendered":"http:\/\/sana.sy\/tr\/?p=277752"},"modified":"2023-03-30T09:14:12","modified_gmt":"2023-03-30T06:14:12","slug":"peskov-askeri-operasyonun-hedeflerine-siyasi-yollarla-ulasmak-su-anda-mumkun-degildir","status":"publish","type":"post","link":"https:\/\/archive.sana.sy\/tr\/?p=277752","title":{"rendered":"Peskov: Askeri Operasyonun Hedeflerine Siyasi Yollarla Ula\u015fmak \u015eu Anda M\u00fcmk\u00fcn De\u011fildir"},"content":{"rendered":"<p><strong>MOSKOVA<\/strong> &#8211; Rusya cumhurba\u015fkanl\u0131\u011f\u0131 s\u00f6zc\u00fcs\u00fc Dmitry Peskov, askeri operasyonun hedeflerine Ukrayna \u00f6rne\u011finde siyasi ve diplomatik yollarla ula\u015fman\u0131n imkans\u0131z oldu\u011funu vurgulad\u0131.<\/p>\n<p>Sputnik, Peskov&#8217;un bug\u00fcn gazetecilere, &#8220;Rusya&#8217;n\u0131n hedeflerine \u015fu anda siyasi ve diplomatik yollarla ula\u015f\u0131lam\u0131yor, bu nedenle askeri y\u00f6ntemler devam ediyor &#8230; yani \u00f6zel bir askeri operasyonun uygulanmas\u0131 yoluyla.&#8221; dedi.<\/p>\n<p>Peskov ayr\u0131ca, &#8220;Rusya i\u00e7in as\u0131l mesele, Rusya&#8217;n\u0131n yeni b\u00f6lgelerindeki insanlar\u0131n g\u00fcvenli\u011fini sa\u011flamak ve bir b\u00fct\u00fcn olarak Rusya&#8217;n\u0131n g\u00fcvenli\u011fini sa\u011flamak da dahil olmak \u00fczere gereklilikleri yerine getirmektir.&#8221; a\u00e7\u0131klamada bulundu.<\/p>\n<p>&nbsp;<\/p>\n<p>R.M.<\/p>\n<p><a href=\"https:\/\/t.me\/SuriyeArapHaberAjansI\">Telegram Kanal\u0131m\u0131z\u00a0<\/a><\/p>\n<p><a href=\"https:\/\/www.facebook.com\/SANAHaberAjansi\/\">Facebook Sayfam\u0131z<\/a><\/p>\n","protected":false},"excerpt":{"rendered":"<p>MOSKOVA &#8211; Rusya cumhurba\u015fkanl\u0131\u011f\u0131 s\u00f6zc\u00fcs\u00fc Dmitry Peskov, askeri operasyonun hedeflerine Ukrayna \u00f6rne\u011finde siyasi ve diplomatik yollarla ula\u015fman\u0131n imkans\u0131z oldu\u011funu vurgulad\u0131. Sputnik, Peskov&#8217;un bug\u00fcn gazetecilere, &#8220;Rusya&#8217;n\u0131n hedeflerine \u015fu anda siyasi ve diplomatik yollarla ula\u015f\u0131lam\u0131yor, bu nedenle askeri y\u00f6ntemler devam ediyor &#8230; yani \u00f6zel bir askeri operasyonun uygulanmas\u0131 yoluyla.&#8221; dedi. Peskov ayr\u0131ca, &#8220;Rusya i\u00e7in as\u0131l mesele, Rusya&#8217;n\u0131n &hellip;<\/p>\n","protected":false},"author":41,"featured_media":277753,"comment_status":"closed","ping_status":"closed","sticky":false,"template":"","format":"standard","meta":{"footnotes":""},"categories":[458,459,17988],"tags":[],"class_list":["post-277752","post","type-post","status-publish","format-standard","has-post-thumbnail","","category-dunya1","category-haberler-arap-uluslararasi-politika","category-son-haberler"],"_links":{"self":[{"href":"https:\/\/archive.sana.sy\/tr\/index.php?rest_route=\/wp\/v2\/posts\/277752","targetHints":{"allow":["GET"]}}],"collection":[{"href":"https:\/\/archive.sana.sy\/tr\/index.php?rest_route=\/wp\/v2\/posts"}],"about":[{"href":"https:\/\/archive.sana.sy\/tr\/index.php?rest_route=\/wp\/v2\/types\/post"}],"author":[{"embeddable":true,"href":"https:\/\/archive.sana.sy\/tr\/index.php?rest_route=\/wp\/v2\/users\/41"}],"replies":[{"embeddable":true,"href":"https:\/\/archive.sana.sy\/tr\/index.php?rest_route=%2Fwp%2Fv2%2Fcomments&post=277752"}],"version-history":[{"count":0,"href":"https:\/\/archive.sana.sy\/tr\/index.php?rest_route=\/wp\/v2\/posts\/277752\/revisions"}],"wp:featuredmedia":[{"embeddable":true,"href":"https:\/\/archive.sana.sy\/tr\/index.php?rest_route=\/wp\/v2\/media\/277753"}],"wp:attachment":[{"href":"https:\/\/archive.sana.sy\/tr\/index.php?rest_route=%2Fwp%2Fv2%2Fmedia&parent=277752"}],"wp:term":[{"taxonomy":"category","embeddable":true,"href":"https:\/\/archive.sana.sy\/tr\/index.php?rest_route=%2Fwp%2Fv2%2Fcategories&post=277752"},{"taxonomy":"post_tag","embeddable":true,"href":"https:\/\/archive.sana.sy\/tr\/index.php?rest_route=%2Fwp%2Fv2%2Ftags&post=277752"}],"curies":[{"name":"wp","href":"https:\/\/api.w.org\/{rel}","templated":true}]}}