{"id":277755,"date":"2023-03-29T13:00:01","date_gmt":"2023-03-29T10:00:01","guid":{"rendered":"http:\/\/sana.sy\/tr\/?p=277755"},"modified":"2023-03-30T09:14:00","modified_gmt":"2023-03-30T06:14:00","slug":"putin-rusya-ile-beyaz-rusya-arasindaki-iliskiler-gercek-bir-ittifak-niteligindedir","status":"publish","type":"post","link":"https:\/\/archive.sana.sy\/tr\/?p=277755","title":{"rendered":"Putin: Rusya \u0130le Beyaz Rusya Aras\u0131ndaki ili\u015fkiler Ger\u00e7ek Bir \u0130ttifak Niteli\u011findedir"},"content":{"rendered":"<p><strong>MOSKOVA<\/strong> \u2013 Rusya Devlet Ba\u015fkan\u0131 Vladimir Putin, Rusya ile Beyaz Rusya aras\u0131ndaki ili\u015fkilerin \u00f6zel ve belirgin bir karaktere sahip oldu\u011funu ve ger\u00e7ek bir ittifak niteli\u011finde oldu\u011funu ve bunun \u00f6nemli bile\u015feninin bilimsel ve teknolojik alanlarda geleneksel i\u015fbirli\u011fi oldu\u011funu vurgulad\u0131.<\/p>\n<p>Russia Today internet sitesinde yer alan habere g\u00f6re Putin, bug\u00fcn Rusya&#8217;n\u0131n Minsk B\u00fcy\u00fckel\u00e7isi Boris Gryzlov taraf\u0131ndan okunan Rusya ve Beyaz Rusya&#8217;daki Gen\u00e7 Bilim \u0130nsanlar\u0131 Konferans\u0131&#8217;na g\u00f6nderdi\u011fi mesajda \u2018\u2019Bu konferans\u0131n Rusya ve Beyaz Rusya halklar\u0131 aras\u0131nda ortak bayram\u0131m\u0131z olan Birlik G\u00fcn\u00fc arifesinde d\u00fczenlenmesi, Ruslar ve Beyaz Rusyal\u0131lar aras\u0131ndaki as\u0131rl\u0131k karde\u015flik dostlu\u011funun somutla\u015ft\u0131r\u0131lmas\u0131 ve manevi de\u011ferlerinin birle\u015ftirilmesi semboliktir.\u2019\u2019 ifadelerini kulland\u0131.<\/p>\n<p>Putin ayr\u0131ca, , &#8220;Son zamanlarda, bilimsel ve teknolojik alanda i\u015fbirli\u011fi y\u00f6n\u00fcnde \u00e7ok \u015fey yap\u0131ld\u0131, karma ara\u015ft\u0131rma ekipleri etkin bir \u015fekilde \u00e7al\u0131\u015f\u0131yor, umut verici ortak ara\u015ft\u0131rma projeleri geli\u015ftiriliyor ve \u00f6nde gelen akademik merkezler arac\u0131l\u0131\u011f\u0131yla sistematik olarak mesleki deneyimler payla\u015f\u0131l\u0131yor.&#8221; dedi.<\/p>\n<p>gen\u00e7 bilim insanlar\u0131n\u0131 Rusya ile Beyaz Rusya aras\u0131ndaki ortakl\u0131\u011fa \u00e7ekmenin \u00f6nemine dikkat \u00e7eken Putin, \u2018\u2019Rus ve Belarus biliminin gelece\u011fini on y\u0131llar boyunca belirleyecek olanlar gen\u00e7 bilim insanlar\u0131d\u0131r.\u2019\u2019 ifadelrini s\u00f6zlerine ekledi.<\/p>\n<p>&nbsp;<\/p>\n<p>R.M.<\/p>\n<p><a href=\"https:\/\/t.me\/SuriyeArapHaberAjansI\">Telegram Kanal\u0131m\u0131z\u00a0<\/a><\/p>\n<p><a href=\"https:\/\/www.facebook.com\/SANAHaberAjansi\/\">Facebook Sayfam\u0131z<\/a><\/p>\n","protected":false},"excerpt":{"rendered":"<p>MOSKOVA \u2013 Rusya Devlet Ba\u015fkan\u0131 Vladimir Putin, Rusya ile Beyaz Rusya aras\u0131ndaki ili\u015fkilerin \u00f6zel ve belirgin bir karaktere sahip oldu\u011funu ve ger\u00e7ek bir ittifak niteli\u011finde oldu\u011funu ve bunun \u00f6nemli bile\u015feninin bilimsel ve teknolojik alanlarda geleneksel i\u015fbirli\u011fi oldu\u011funu vurgulad\u0131. Russia Today internet sitesinde yer alan habere g\u00f6re Putin, bug\u00fcn Rusya&#8217;n\u0131n Minsk B\u00fcy\u00fckel\u00e7isi Boris Gryzlov taraf\u0131ndan okunan &hellip;<\/p>\n","protected":false},"author":41,"featured_media":277756,"comment_status":"closed","ping_status":"closed","sticky":false,"template":"","format":"standard","meta":{"footnotes":""},"categories":[458,459,17988],"tags":[],"class_list":["post-277755","post","type-post","status-publish","format-standard","has-post-thumbnail","","category-dunya1","category-haberler-arap-uluslararasi-politika","category-son-haberler"],"_links":{"self":[{"href":"https:\/\/archive.sana.sy\/tr\/index.php?rest_route=\/wp\/v2\/posts\/277755","targetHints":{"allow":["GET"]}}],"collection":[{"href":"https:\/\/archive.sana.sy\/tr\/index.php?rest_route=\/wp\/v2\/posts"}],"about":[{"href":"https:\/\/archive.sana.sy\/tr\/index.php?rest_route=\/wp\/v2\/types\/post"}],"author":[{"embeddable":true,"href":"https:\/\/archive.sana.sy\/tr\/index.php?rest_route=\/wp\/v2\/users\/41"}],"replies":[{"embeddable":true,"href":"https:\/\/archive.sana.sy\/tr\/index.php?rest_route=%2Fwp%2Fv2%2Fcomments&post=277755"}],"version-history":[{"count":0,"href":"https:\/\/archive.sana.sy\/tr\/index.php?rest_route=\/wp\/v2\/posts\/277755\/revisions"}],"wp:featuredmedia":[{"embeddable":true,"href":"https:\/\/archive.sana.sy\/tr\/index.php?rest_route=\/wp\/v2\/media\/277756"}],"wp:attachment":[{"href":"https:\/\/archive.sana.sy\/tr\/index.php?rest_route=%2Fwp%2Fv2%2Fmedia&parent=277755"}],"wp:term":[{"taxonomy":"category","embeddable":true,"href":"https:\/\/archive.sana.sy\/tr\/index.php?rest_route=%2Fwp%2Fv2%2Fcategories&post=277755"},{"taxonomy":"post_tag","embeddable":true,"href":"https:\/\/archive.sana.sy\/tr\/index.php?rest_route=%2Fwp%2Fv2%2Ftags&post=277755"}],"curies":[{"name":"wp","href":"https:\/\/api.w.org\/{rel}","templated":true}]}}