{"id":277758,"date":"2023-03-29T15:45:50","date_gmt":"2023-03-29T12:45:50","guid":{"rendered":"http:\/\/sana.sy\/tr\/?p=277758"},"modified":"2023-03-29T15:45:50","modified_gmt":"2023-03-29T12:45:50","slug":"sayin-esma-esad-rusya-devlet-dumasi-baskan-yardimcisi-anna-kuznetsovayi-kabul-etti","status":"publish","type":"post","link":"https:\/\/archive.sana.sy\/tr\/?p=277758","title":{"rendered":"Say\u0131n Esma Esad, Rusya Devlet Dumas\u0131 Ba\u015fkan Yard\u0131mc\u0131s\u0131 Anna Kuznetsova&#8217;y\u0131 Kabul Etti"},"content":{"rendered":"<div id='gallery-1' class='gallery galleryid-277758 gallery-columns-1 gallery-size-full'><figure class='gallery-item'>\n\t\t\t<div class='gallery-icon portrait'>\n\t\t\t\t<a href='https:\/\/archive.sana.sy\/tr\/?attachment_id=277761'><img loading=\"lazy\" decoding=\"async\" width=\"1200\" height=\"1502\" src=\"https:\/\/archive.sana.sy\/tr\/wp-content\/uploads\/2023\/03\/\u062a\u0644\u063a\u0631\u0627\u0645-1-2-1.jpg\" class=\"attachment-full size-full\" alt=\"\" srcset=\"https:\/\/archive.sana.sy\/tr\/wp-content\/uploads\/2023\/03\/\u062a\u0644\u063a\u0631\u0627\u0645-1-2-1.jpg 1200w, https:\/\/archive.sana.sy\/tr\/wp-content\/uploads\/2023\/03\/\u062a\u0644\u063a\u0631\u0627\u0645-1-2-1-240x300.jpg 240w, https:\/\/archive.sana.sy\/tr\/wp-content\/uploads\/2023\/03\/\u062a\u0644\u063a\u0631\u0627\u0645-1-2-1-818x1024.jpg 818w, https:\/\/archive.sana.sy\/tr\/wp-content\/uploads\/2023\/03\/\u062a\u0644\u063a\u0631\u0627\u0645-1-2-1-768x961.jpg 768w\" sizes=\"auto, (max-width: 1200px) 100vw, 1200px\" \/><\/a>\n\t\t\t<\/div><\/figure><figure class='gallery-item'>\n\t\t\t<div class='gallery-icon landscape'>\n\t\t\t\t<a href='https:\/\/archive.sana.sy\/tr\/?attachment_id=277760'><img loading=\"lazy\" decoding=\"async\" width=\"1200\" height=\"757\" src=\"https:\/\/archive.sana.sy\/tr\/wp-content\/uploads\/2023\/03\/\u062a\u0644\u063a\u0631\u0627\u0645-2.jpg\" class=\"attachment-full size-full\" alt=\"\" srcset=\"https:\/\/archive.sana.sy\/tr\/wp-content\/uploads\/2023\/03\/\u062a\u0644\u063a\u0631\u0627\u0645-2.jpg 1200w, https:\/\/archive.sana.sy\/tr\/wp-content\/uploads\/2023\/03\/\u062a\u0644\u063a\u0631\u0627\u0645-2-300x189.jpg 300w, https:\/\/archive.sana.sy\/tr\/wp-content\/uploads\/2023\/03\/\u062a\u0644\u063a\u0631\u0627\u0645-2-1024x646.jpg 1024w, https:\/\/archive.sana.sy\/tr\/wp-content\/uploads\/2023\/03\/\u062a\u0644\u063a\u0631\u0627\u0645-2-768x484.jpg 768w\" sizes=\"auto, (max-width: 1200px) 100vw, 1200px\" \/><\/a>\n\t\t\t<\/div><\/figure>\n\t\t<\/div>\n\n","protected":false},"excerpt":{"rendered":"","protected":false},"author":41,"featured_media":277759,"comment_status":"closed","ping_status":"closed","sticky":false,"template":"","format":"standard","meta":{"footnotes":""},"categories":[6459],"tags":[],"class_list":["post-277758","post","type-post","status-publish","format-standard","has-post-thumbnail","","category-sana-fotolarl"],"_links":{"self":[{"href":"https:\/\/archive.sana.sy\/tr\/index.php?rest_route=\/wp\/v2\/posts\/277758","targetHints":{"allow":["GET"]}}],"collection":[{"href":"https:\/\/archive.sana.sy\/tr\/index.php?rest_route=\/wp\/v2\/posts"}],"about":[{"href":"https:\/\/archive.sana.sy\/tr\/index.php?rest_route=\/wp\/v2\/types\/post"}],"author":[{"embeddable":true,"href":"https:\/\/archive.sana.sy\/tr\/index.php?rest_route=\/wp\/v2\/users\/41"}],"replies":[{"embeddable":true,"href":"https:\/\/archive.sana.sy\/tr\/index.php?rest_route=%2Fwp%2Fv2%2Fcomments&post=277758"}],"version-history":[{"count":0,"href":"https:\/\/archive.sana.sy\/tr\/index.php?rest_route=\/wp\/v2\/posts\/277758\/revisions"}],"wp:featuredmedia":[{"embeddable":true,"href":"https:\/\/archive.sana.sy\/tr\/index.php?rest_route=\/wp\/v2\/media\/277759"}],"wp:attachment":[{"href":"https:\/\/archive.sana.sy\/tr\/index.php?rest_route=%2Fwp%2Fv2%2Fmedia&parent=277758"}],"wp:term":[{"taxonomy":"category","embeddable":true,"href":"https:\/\/archive.sana.sy\/tr\/index.php?rest_route=%2Fwp%2Fv2%2Fcategories&post=277758"},{"taxonomy":"post_tag","embeddable":true,"href":"https:\/\/archive.sana.sy\/tr\/index.php?rest_route=%2Fwp%2Fv2%2Ftags&post=277758"}],"curies":[{"name":"wp","href":"https:\/\/api.w.org\/{rel}","templated":true}]}}