{"id":277769,"date":"2023-03-29T13:10:41","date_gmt":"2023-03-29T10:10:41","guid":{"rendered":"http:\/\/sana.sy\/tr\/?p=277769"},"modified":"2023-03-30T09:14:02","modified_gmt":"2023-03-30T06:14:02","slug":"rusya-disisleri-bakanligi-kyiv-rejimine-silah-saglamak-krizi-korukluyor","status":"publish","type":"post","link":"https:\/\/archive.sana.sy\/tr\/?p=277769","title":{"rendered":"Rusya D\u0131\u015fi\u015fleri Bakanl\u0131\u011f\u0131: Kyiv Rejimine Silah Sa\u011flamak Krizi K\u00f6r\u00fckl\u00fcyor"},"content":{"rendered":"<p><strong>MOSKOVA<\/strong> &#8211; Rusya D\u0131\u015fi\u015fleri Bakanl\u0131\u011f\u0131, NATO&#8217;nun Ukrayna rejimine silah sa\u011flamas\u0131n\u0131n sava\u015f alan\u0131nda bir de\u011fi\u015fikli\u011fe katk\u0131da bulunmayaca\u011f\u0131n\u0131, yaln\u0131zca krizi k\u00f6r\u00fckleyece\u011fini ve bar\u0131\u015f \u015fans\u0131n\u0131 baltalayaca\u011f\u0131n\u0131 yeniden vurgulad\u0131.<\/p>\n<p>Novosti ajans\u0131, Avrupa G\u00fcvenlik ve \u0130\u015fbirli\u011fi Te\u015fkilat\u0131&#8217;n\u0131n Rus delegasyonu \u00fcyesi Yulia Zhdanova&#8217;n\u0131n bug\u00fcn \u00f6rg\u00fct\u00fcn forumunun genel kurulunda, &#8220;Ukrayna&#8217;ya daha fazla silah sa\u011flamak, sava\u015f alan\u0131nda Bat\u0131 i\u00e7in bir d\u00f6n\u00fcm noktas\u0131 olu\u015fturmayacak, ancak \u00e7at\u0131\u015fmay\u0131 uzatacak, Avrupa ekonomilerini t\u00fcketecek ve NATO \u00fcye devletlerinin savunma yeteneklerine daha ciddi zarar verecektir.&#8221; dedi\u011fini aktard\u0131.<\/p>\n<p>Zhdanova ayr\u0131ca, &#8220;transatlantik&#8221; se\u00e7kinlerin, politikalar\u0131n\u0131n Ukrayna ihtilaf\u0131n\u0131 Avrupa&#8217;ya ta\u015f\u0131ma risklerini art\u0131rd\u0131\u011f\u0131n\u0131 ve n\u00fckleer g\u00fc\u00e7lerin nihai kat\u0131l\u0131m\u0131yla do\u011frudan bir \u00e7at\u0131\u015fmaya yol a\u00e7t\u0131\u011f\u0131n\u0131 fark etmeleri gerekti\u011fini kaydetti.<\/p>\n<p>&nbsp;<\/p>\n<p>R.M.<\/p>\n<p><a href=\"https:\/\/t.me\/SuriyeArapHaberAjansI\">Telegram Kanal\u0131m\u0131z\u00a0<\/a><\/p>\n<p><a href=\"https:\/\/www.facebook.com\/SANAHaberAjansi\/\">Facebook Sayfam\u0131z<\/a><\/p>\n","protected":false},"excerpt":{"rendered":"<p>MOSKOVA &#8211; Rusya D\u0131\u015fi\u015fleri Bakanl\u0131\u011f\u0131, NATO&#8217;nun Ukrayna rejimine silah sa\u011flamas\u0131n\u0131n sava\u015f alan\u0131nda bir de\u011fi\u015fikli\u011fe katk\u0131da bulunmayaca\u011f\u0131n\u0131, yaln\u0131zca krizi k\u00f6r\u00fckleyece\u011fini ve bar\u0131\u015f \u015fans\u0131n\u0131 baltalayaca\u011f\u0131n\u0131 yeniden vurgulad\u0131. Novosti ajans\u0131, Avrupa G\u00fcvenlik ve \u0130\u015fbirli\u011fi Te\u015fkilat\u0131&#8217;n\u0131n Rus delegasyonu \u00fcyesi Yulia Zhdanova&#8217;n\u0131n bug\u00fcn \u00f6rg\u00fct\u00fcn forumunun genel kurulunda, &#8220;Ukrayna&#8217;ya daha fazla silah sa\u011flamak, sava\u015f alan\u0131nda Bat\u0131 i\u00e7in bir d\u00f6n\u00fcm noktas\u0131 olu\u015fturmayacak, &hellip;<\/p>\n","protected":false},"author":41,"featured_media":277770,"comment_status":"closed","ping_status":"closed","sticky":false,"template":"","format":"standard","meta":{"footnotes":""},"categories":[458,459,17988],"tags":[],"class_list":["post-277769","post","type-post","status-publish","format-standard","has-post-thumbnail","","category-dunya1","category-haberler-arap-uluslararasi-politika","category-son-haberler"],"_links":{"self":[{"href":"https:\/\/archive.sana.sy\/tr\/index.php?rest_route=\/wp\/v2\/posts\/277769","targetHints":{"allow":["GET"]}}],"collection":[{"href":"https:\/\/archive.sana.sy\/tr\/index.php?rest_route=\/wp\/v2\/posts"}],"about":[{"href":"https:\/\/archive.sana.sy\/tr\/index.php?rest_route=\/wp\/v2\/types\/post"}],"author":[{"embeddable":true,"href":"https:\/\/archive.sana.sy\/tr\/index.php?rest_route=\/wp\/v2\/users\/41"}],"replies":[{"embeddable":true,"href":"https:\/\/archive.sana.sy\/tr\/index.php?rest_route=%2Fwp%2Fv2%2Fcomments&post=277769"}],"version-history":[{"count":0,"href":"https:\/\/archive.sana.sy\/tr\/index.php?rest_route=\/wp\/v2\/posts\/277769\/revisions"}],"wp:featuredmedia":[{"embeddable":true,"href":"https:\/\/archive.sana.sy\/tr\/index.php?rest_route=\/wp\/v2\/media\/277770"}],"wp:attachment":[{"href":"https:\/\/archive.sana.sy\/tr\/index.php?rest_route=%2Fwp%2Fv2%2Fmedia&parent=277769"}],"wp:term":[{"taxonomy":"category","embeddable":true,"href":"https:\/\/archive.sana.sy\/tr\/index.php?rest_route=%2Fwp%2Fv2%2Fcategories&post=277769"},{"taxonomy":"post_tag","embeddable":true,"href":"https:\/\/archive.sana.sy\/tr\/index.php?rest_route=%2Fwp%2Fv2%2Ftags&post=277769"}],"curies":[{"name":"wp","href":"https:\/\/api.w.org\/{rel}","templated":true}]}}