{"id":277963,"date":"2023-04-02T14:47:08","date_gmt":"2023-04-02T11:47:08","guid":{"rendered":"http:\/\/sana.sy\/tr\/?p=277963"},"modified":"2023-04-03T09:42:00","modified_gmt":"2023-04-03T06:42:00","slug":"depremzedelere-yapilan-insani-yardimlarla-ilgili-suriye-dagistanli-gorusme","status":"publish","type":"post","link":"https:\/\/archive.sana.sy\/tr\/?p=277963","title":{"rendered":"Depremzedelere Yap\u0131lan \u0130nsani Yard\u0131mlarla \u0130lgili Suriye-Da\u011f\u0131stanl\u0131 G\u00f6r\u00fc\u015fme"},"content":{"rendered":"<p><strong>MOSKOVA<\/strong>&#8211; Suriye&#8217;nin Moskova B\u00fcy\u00fckel\u00e7isi Be\u015f\u015far\u00a0 Caferi, Rusya&#8217;n\u0131n Da\u011f\u0131stan Cumhuriyeti Devlet Dumas\u0131&#8217;ndaki yard\u0131mc\u0131s\u0131 Radwan Qurbanov ile Da\u011f\u0131stan&#8217;daki Temiz Kalp Fonu&#8217;nun Suriye halk\u0131na sa\u011flad\u0131\u011f\u0131 insani yard\u0131m konusunu g\u00f6r\u00fc\u015ft\u00fc.<\/p>\n<p>Fonun ba\u015fkanl\u0131\u011f\u0131n\u0131 yapan Kurbanov, Moskova&#8217;daki Suriye b\u00fcy\u00fckel\u00e7ili\u011fi binas\u0131nda bug\u00fcn yap\u0131lan g\u00f6r\u00fc\u015fmede, Da\u011f\u0131stan&#8217;daki vatanda\u015flar\u0131n yapt\u0131\u011f\u0131 yard\u0131mlar\u0131n pe\u015f pe\u015fe Suriye&#8217;ye g\u00f6nderilece\u011fini belirterek, Fonun ge\u00e7ti\u011fimiz g\u00fcnlerde Tartus liman\u0131na yana\u015fan bir gemiye 52 ton insani yard\u0131m g\u00f6nderdi\u011fine i\u015faret etti.<\/p>\n<p>B\u00fcy\u00fckel\u00e7i Cafer ise, bu yard\u0131m\u0131n Suriye&#8217;ye dost Da\u011f\u0131stan halk\u0131n\u0131n b\u00fcy\u00fck sevgisinin bir kan\u0131t\u0131 oldu\u011funu vurgulayarak, MP Qurbanov&#8217;a en i\u00e7ten te\u015fekk\u00fcrlerini dile getirdi.<\/p>\n<p>&nbsp;<\/p>\n<p>R.M.<\/p>\n<p><a href=\"https:\/\/t.me\/SuriyeArapHaberAjansI\">Telegram Kanal\u0131m\u0131z\u00a0<\/a><\/p>\n<p><a href=\"https:\/\/www.facebook.com\/SANAHaberAjansi\/\">Facebook Sayfam\u0131z<\/a><\/p>\n","protected":false},"excerpt":{"rendered":"<p>MOSKOVA&#8211; Suriye&#8217;nin Moskova B\u00fcy\u00fckel\u00e7isi Be\u015f\u015far\u00a0 Caferi, Rusya&#8217;n\u0131n Da\u011f\u0131stan Cumhuriyeti Devlet Dumas\u0131&#8217;ndaki yard\u0131mc\u0131s\u0131 Radwan Qurbanov ile Da\u011f\u0131stan&#8217;daki Temiz Kalp Fonu&#8217;nun Suriye halk\u0131na sa\u011flad\u0131\u011f\u0131 insani yard\u0131m konusunu g\u00f6r\u00fc\u015ft\u00fc. Fonun ba\u015fkanl\u0131\u011f\u0131n\u0131 yapan Kurbanov, Moskova&#8217;daki Suriye b\u00fcy\u00fckel\u00e7ili\u011fi binas\u0131nda bug\u00fcn yap\u0131lan g\u00f6r\u00fc\u015fmede, Da\u011f\u0131stan&#8217;daki vatanda\u015flar\u0131n yapt\u0131\u011f\u0131 yard\u0131mlar\u0131n pe\u015f pe\u015fe Suriye&#8217;ye g\u00f6nderilece\u011fini belirterek, Fonun ge\u00e7ti\u011fimiz g\u00fcnlerde Tartus liman\u0131na yana\u015fan bir gemiye 52 &hellip;<\/p>\n","protected":false},"author":41,"featured_media":277964,"comment_status":"closed","ping_status":"closed","sticky":false,"template":"","format":"standard","meta":{"footnotes":""},"categories":[458,459,17988],"tags":[],"class_list":["post-277963","post","type-post","status-publish","format-standard","has-post-thumbnail","","category-dunya1","category-haberler-arap-uluslararasi-politika","category-son-haberler"],"_links":{"self":[{"href":"https:\/\/archive.sana.sy\/tr\/index.php?rest_route=\/wp\/v2\/posts\/277963","targetHints":{"allow":["GET"]}}],"collection":[{"href":"https:\/\/archive.sana.sy\/tr\/index.php?rest_route=\/wp\/v2\/posts"}],"about":[{"href":"https:\/\/archive.sana.sy\/tr\/index.php?rest_route=\/wp\/v2\/types\/post"}],"author":[{"embeddable":true,"href":"https:\/\/archive.sana.sy\/tr\/index.php?rest_route=\/wp\/v2\/users\/41"}],"replies":[{"embeddable":true,"href":"https:\/\/archive.sana.sy\/tr\/index.php?rest_route=%2Fwp%2Fv2%2Fcomments&post=277963"}],"version-history":[{"count":0,"href":"https:\/\/archive.sana.sy\/tr\/index.php?rest_route=\/wp\/v2\/posts\/277963\/revisions"}],"wp:featuredmedia":[{"embeddable":true,"href":"https:\/\/archive.sana.sy\/tr\/index.php?rest_route=\/wp\/v2\/media\/277964"}],"wp:attachment":[{"href":"https:\/\/archive.sana.sy\/tr\/index.php?rest_route=%2Fwp%2Fv2%2Fmedia&parent=277963"}],"wp:term":[{"taxonomy":"category","embeddable":true,"href":"https:\/\/archive.sana.sy\/tr\/index.php?rest_route=%2Fwp%2Fv2%2Fcategories&post=277963"},{"taxonomy":"post_tag","embeddable":true,"href":"https:\/\/archive.sana.sy\/tr\/index.php?rest_route=%2Fwp%2Fv2%2Ftags&post=277963"}],"curies":[{"name":"wp","href":"https:\/\/api.w.org\/{rel}","templated":true}]}}