{"id":277966,"date":"2023-04-02T14:00:43","date_gmt":"2023-04-02T11:00:43","guid":{"rendered":"http:\/\/sana.sy\/tr\/?p=277966"},"modified":"2023-04-03T09:41:00","modified_gmt":"2023-04-03T06:41:00","slug":"endonezya-aciklarinda-55-buyuklugunde-deprem","status":"publish","type":"post","link":"https:\/\/archive.sana.sy\/tr\/?p=277966","title":{"rendered":"Endonezya A\u00e7\u0131klar\u0131nda 5,5 B\u00fcy\u00fckl\u00fc\u011f\u00fcnde Deprem"},"content":{"rendered":"<p><strong>CAKARTA<\/strong>&#8211; Endonezya k\u0131y\u0131lar\u0131nda bug\u00fcn Richter \u00f6l\u00e7e\u011fine g\u00f6re 5,5 b\u00fcy\u00fckl\u00fc\u011f\u00fcnde bir deprem meydana geldi.<\/p>\n<p>RIA Novosti&#8217;ye g\u00f6re Avrupa ve Akdeniz Sismoloji Merkezi \u2018\u2019Depremin merkez \u00fcss\u00fc, 66.9 bin ki\u015finin ya\u015fad\u0131\u011f\u0131 Endonezya&#8217;n\u0131n Bima kentinin 80 kilometre kuzeybat\u0131s\u0131nda, yerin 30 kilometre derinli\u011finde oldu\u011funu belirtti.<\/p>\n<p>Depremin yol a\u00e7t\u0131\u011f\u0131 yaralanma veya hasarla ilgili hen\u00fcz bir bilgi yok.<\/p>\n<p>&nbsp;<\/p>\n<p>R.M.<\/p>\n<p><a href=\"https:\/\/t.me\/SuriyeArapHaberAjansI\">Telegram Kanal\u0131m\u0131z\u00a0<\/a><\/p>\n<p><a href=\"https:\/\/www.facebook.com\/SANAHaberAjansi\/\">Facebook Sayfam\u0131z<\/a><\/p>\n","protected":false},"excerpt":{"rendered":"<p>CAKARTA&#8211; Endonezya k\u0131y\u0131lar\u0131nda bug\u00fcn Richter \u00f6l\u00e7e\u011fine g\u00f6re 5,5 b\u00fcy\u00fckl\u00fc\u011f\u00fcnde bir deprem meydana geldi. RIA Novosti&#8217;ye g\u00f6re Avrupa ve Akdeniz Sismoloji Merkezi \u2018\u2019Depremin merkez \u00fcss\u00fc, 66.9 bin ki\u015finin ya\u015fad\u0131\u011f\u0131 Endonezya&#8217;n\u0131n Bima kentinin 80 kilometre kuzeybat\u0131s\u0131nda, yerin 30 kilometre derinli\u011finde oldu\u011funu belirtti. Depremin yol a\u00e7t\u0131\u011f\u0131 yaralanma veya hasarla ilgili hen\u00fcz bir bilgi yok. &nbsp; R.M. Telegram Kanal\u0131m\u0131z\u00a0 &hellip;<\/p>\n","protected":false},"author":41,"featured_media":277968,"comment_status":"closed","ping_status":"closed","sticky":false,"template":"","format":"standard","meta":{"footnotes":""},"categories":[458,459,17988],"tags":[],"class_list":["post-277966","post","type-post","status-publish","format-standard","has-post-thumbnail","","category-dunya1","category-haberler-arap-uluslararasi-politika","category-son-haberler"],"_links":{"self":[{"href":"https:\/\/archive.sana.sy\/tr\/index.php?rest_route=\/wp\/v2\/posts\/277966","targetHints":{"allow":["GET"]}}],"collection":[{"href":"https:\/\/archive.sana.sy\/tr\/index.php?rest_route=\/wp\/v2\/posts"}],"about":[{"href":"https:\/\/archive.sana.sy\/tr\/index.php?rest_route=\/wp\/v2\/types\/post"}],"author":[{"embeddable":true,"href":"https:\/\/archive.sana.sy\/tr\/index.php?rest_route=\/wp\/v2\/users\/41"}],"replies":[{"embeddable":true,"href":"https:\/\/archive.sana.sy\/tr\/index.php?rest_route=%2Fwp%2Fv2%2Fcomments&post=277966"}],"version-history":[{"count":0,"href":"https:\/\/archive.sana.sy\/tr\/index.php?rest_route=\/wp\/v2\/posts\/277966\/revisions"}],"wp:featuredmedia":[{"embeddable":true,"href":"https:\/\/archive.sana.sy\/tr\/index.php?rest_route=\/wp\/v2\/media\/277968"}],"wp:attachment":[{"href":"https:\/\/archive.sana.sy\/tr\/index.php?rest_route=%2Fwp%2Fv2%2Fmedia&parent=277966"}],"wp:term":[{"taxonomy":"category","embeddable":true,"href":"https:\/\/archive.sana.sy\/tr\/index.php?rest_route=%2Fwp%2Fv2%2Fcategories&post=277966"},{"taxonomy":"post_tag","embeddable":true,"href":"https:\/\/archive.sana.sy\/tr\/index.php?rest_route=%2Fwp%2Fv2%2Ftags&post=277966"}],"curies":[{"name":"wp","href":"https:\/\/api.w.org\/{rel}","templated":true}]}}