{"id":277969,"date":"2023-04-02T13:55:44","date_gmt":"2023-04-02T10:55:44","guid":{"rendered":"http:\/\/sana.sy\/tr\/?p=277969"},"modified":"2023-04-03T09:40:44","modified_gmt":"2023-04-03T06:40:44","slug":"moskovadaki-suriye-buyukelcilig-depremzedelere-yendi-yardim-paketini-gonderdi","status":"publish","type":"post","link":"https:\/\/archive.sana.sy\/tr\/?p=277969","title":{"rendered":"Moskova\u2019daki Suriye B\u00fcy\u00fckel\u00e7ili\u011f Depremzedelere Yendi Yard\u0131m Paketini G\u00f6nderdi"},"content":{"rendered":"<p><strong>MOSKOVA<\/strong> &#8211; Suriye Arap Cumhuriyeti&#8217;nin Rusya Federasyonu B\u00fcy\u00fckel\u00e7ili\u011fi, Suriye&#8217;deki depremden etkilenenlerin ac\u0131lar\u0131n\u0131 hafifletmek i\u00e7in Suriyeli gurbet\u00e7iler ve Rus vatanda\u015flar\u0131 taraf\u0131ndan toplanan yeni bir yard\u0131m paketini g\u00f6nderdi.<\/p>\n<p>B\u00fcy\u00fckel\u00e7ilik yapt\u0131\u011f\u0131 a\u00e7\u0131klamada,\u00a0 \u2018\u2019B\u00fcy\u00fckel\u00e7ilik, depremin etkilerine kar\u015f\u0131 y\u00fcr\u00fctt\u00fc\u011f\u00fc acil insani yard\u0131m kampanyas\u0131 kapsam\u0131nda bug\u00fcn 100 koli insani yard\u0131m g\u00f6nderdi.\u2019\u2019 dedi.<\/p>\n<p>Bug\u00fcn Moskova&#8217;dan \u015eam Uluslararas\u0131 Havaliman\u0131&#8217;na giden Suriye Arap Hava Yollar\u0131 u\u00e7a\u011f\u0131ndaki g\u0131da maddeleri, bebek mamas\u0131 ve giysileri i\u00e7erdi.<\/p>\n<p>&nbsp;<\/p>\n<p>R.M.<\/p>\n<p><a href=\"https:\/\/t.me\/SuriyeArapHaberAjansI\">Telegram Kanal\u0131m\u0131z\u00a0<\/a><\/p>\n<p><a href=\"https:\/\/www.facebook.com\/SANAHaberAjansi\/\">Facebook Sayfam\u0131z<\/a><\/p>\n","protected":false},"excerpt":{"rendered":"<p>MOSKOVA &#8211; Suriye Arap Cumhuriyeti&#8217;nin Rusya Federasyonu B\u00fcy\u00fckel\u00e7ili\u011fi, Suriye&#8217;deki depremden etkilenenlerin ac\u0131lar\u0131n\u0131 hafifletmek i\u00e7in Suriyeli gurbet\u00e7iler ve Rus vatanda\u015flar\u0131 taraf\u0131ndan toplanan yeni bir yard\u0131m paketini g\u00f6nderdi. B\u00fcy\u00fckel\u00e7ilik yapt\u0131\u011f\u0131 a\u00e7\u0131klamada,\u00a0 \u2018\u2019B\u00fcy\u00fckel\u00e7ilik, depremin etkilerine kar\u015f\u0131 y\u00fcr\u00fctt\u00fc\u011f\u00fc acil insani yard\u0131m kampanyas\u0131 kapsam\u0131nda bug\u00fcn 100 koli insani yard\u0131m g\u00f6nderdi.\u2019\u2019 dedi. Bug\u00fcn Moskova&#8217;dan \u015eam Uluslararas\u0131 Havaliman\u0131&#8217;na giden Suriye Arap Hava &hellip;<\/p>\n","protected":false},"author":41,"featured_media":277970,"comment_status":"closed","ping_status":"closed","sticky":false,"template":"","format":"standard","meta":{"footnotes":""},"categories":[458,459,17988],"tags":[],"class_list":["post-277969","post","type-post","status-publish","format-standard","has-post-thumbnail","","category-dunya1","category-haberler-arap-uluslararasi-politika","category-son-haberler"],"_links":{"self":[{"href":"https:\/\/archive.sana.sy\/tr\/index.php?rest_route=\/wp\/v2\/posts\/277969","targetHints":{"allow":["GET"]}}],"collection":[{"href":"https:\/\/archive.sana.sy\/tr\/index.php?rest_route=\/wp\/v2\/posts"}],"about":[{"href":"https:\/\/archive.sana.sy\/tr\/index.php?rest_route=\/wp\/v2\/types\/post"}],"author":[{"embeddable":true,"href":"https:\/\/archive.sana.sy\/tr\/index.php?rest_route=\/wp\/v2\/users\/41"}],"replies":[{"embeddable":true,"href":"https:\/\/archive.sana.sy\/tr\/index.php?rest_route=%2Fwp%2Fv2%2Fcomments&post=277969"}],"version-history":[{"count":0,"href":"https:\/\/archive.sana.sy\/tr\/index.php?rest_route=\/wp\/v2\/posts\/277969\/revisions"}],"wp:featuredmedia":[{"embeddable":true,"href":"https:\/\/archive.sana.sy\/tr\/index.php?rest_route=\/wp\/v2\/media\/277970"}],"wp:attachment":[{"href":"https:\/\/archive.sana.sy\/tr\/index.php?rest_route=%2Fwp%2Fv2%2Fmedia&parent=277969"}],"wp:term":[{"taxonomy":"category","embeddable":true,"href":"https:\/\/archive.sana.sy\/tr\/index.php?rest_route=%2Fwp%2Fv2%2Fcategories&post=277969"},{"taxonomy":"post_tag","embeddable":true,"href":"https:\/\/archive.sana.sy\/tr\/index.php?rest_route=%2Fwp%2Fv2%2Ftags&post=277969"}],"curies":[{"name":"wp","href":"https:\/\/api.w.org\/{rel}","templated":true}]}}