{"id":277972,"date":"2023-04-02T15:43:17","date_gmt":"2023-04-02T12:43:17","guid":{"rendered":"http:\/\/sana.sy\/tr\/?p=277972"},"modified":"2023-04-03T09:42:34","modified_gmt":"2023-04-03T06:42:34","slug":"lubnanli-iki-siyasetci-israilin-suriyeye-yonelik-saldirganligi-uluslararasi-mesruiyetin-ihlalidir","status":"publish","type":"post","link":"https:\/\/archive.sana.sy\/tr\/?p=277972","title":{"rendered":"L\u00fcbnanl\u0131 \u0130ki Siyaset\u00e7i: \u0130srail&#8217;in Suriye&#8217;ye Y\u00f6nelik Sald\u0131rganl\u0131\u011f\u0131 Uluslararas\u0131 Me\u015fruiyetin \u0130hlalidir"},"content":{"rendered":"<p><strong>BEYRUT<\/strong> &#8211; Eski L\u00fcbnan Bakan\u0131 Velid El Hazin, \u0130srail&#8217;in Suriye&#8217;ye y\u00f6nelik sald\u0131rganl\u0131\u011f\u0131n\u0131 ve L\u00fcbnan hava sahas\u0131n\u0131 ihlalini k\u0131nad\u0131 ve bunun s\u00fcrekli bir su\u00e7 ve devletlerin egemenli\u011finin ciddi bir ihlali oldu\u011funu vurgulad\u0131.<\/p>\n<p>El Hazen, SANA&#8217;ya bir n\u00fcshas\u0131n\u0131n ula\u015ft\u0131\u011f\u0131 a\u00e7\u0131klamada, \u0130srail h\u00fck\u00fcmetinin i\u00e7 krizinden \u00e7\u0131k\u0131\u015f yolu olarak sald\u0131r\u0131lar\u0131n\u0131 L\u00fcbnan hava sahas\u0131 \u00fczerinden ger\u00e7ekle\u015ftirmekten ba\u015fka \u00e7are bulamad\u0131\u011f\u0131n\u0131 ve bunun uluslararas\u0131 me\u015fruiyet kararlar\u0131n\u0131n ciddi bir ihlali olarak de\u011ferlendirildi\u011fini s\u00f6yledi.<\/p>\n<p>L\u00fcbnan Parlamenter Kalk\u0131nma ve Kurtulu\u015f Blo\u011fu \u00fcyesi milletvekili Kas\u0131m Ha\u015fim, L\u00fcbnan h\u00fck\u00fcmetini, Siyonist d\u00fc\u015fman\u0131n Suriye topraklar\u0131na y\u00f6nelik sald\u0131r\u0131lar\u0131nda L\u00fcbnan hava sahas\u0131n\u0131 ihlal etmesi nedeniyle Birle\u015fmi\u015f Milletler&#8217;e \u015fikayette bulunmaya \u00e7a\u011f\u0131rd\u0131.<\/p>\n<p>Ha\u015fim bug\u00fcn yapt\u0131\u011f\u0131 a\u00e7\u0131klamada, L\u00fcbnan hava sahas\u0131ndan Suriye&#8217;ye y\u00f6nelik sald\u0131r\u0131lar\u0131n L\u00fcbnan&#8217;a y\u00f6nelik bir sald\u0131r\u0131 ve egemenli\u011finin ihlali oldu\u011funa i\u015faret ederek, bunun i\u00e7in L\u00fcbnan h\u00fck\u00fcmetinin, t\u00fcm uluslararas\u0131 karar ve antla\u015fmalardan ka\u00e7an Siyonist barbarl\u0131\u011fa son vermesi i\u00e7in Birle\u015fmi\u015f Milletler&#8217;e \u015fikayette bulunmas\u0131 gerekti\u011fini belirtti.<\/p>\n<p>Ha\u015fim, uluslararas\u0131 bar\u0131\u015f ve g\u00fcvenlikle ilgilenen uluslararas\u0131 toplumu, Siyonist varl\u0131\u011f\u0131n provokasyon ve sald\u0131rganl\u0131k politikas\u0131n\u0131n devam\u0131 i\u00e7in \u00fczerine d\u00fc\u015fen sorumlulu\u011fu \u00fcstlenmeye \u00e7a\u011f\u0131rd\u0131.<\/p>\n<p>&nbsp;<\/p>\n<p>R.M.<\/p>\n<p><a href=\"https:\/\/t.me\/SuriyeArapHaberAjansI\">Telegram Kanal\u0131m\u0131z\u00a0<\/a><\/p>\n<p><a href=\"https:\/\/www.facebook.com\/SANAHaberAjansi\/\">Facebook Sayfam\u0131z<\/a><\/p>\n","protected":false},"excerpt":{"rendered":"<p>BEYRUT &#8211; Eski L\u00fcbnan Bakan\u0131 Velid El Hazin, \u0130srail&#8217;in Suriye&#8217;ye y\u00f6nelik sald\u0131rganl\u0131\u011f\u0131n\u0131 ve L\u00fcbnan hava sahas\u0131n\u0131 ihlalini k\u0131nad\u0131 ve bunun s\u00fcrekli bir su\u00e7 ve devletlerin egemenli\u011finin ciddi bir ihlali oldu\u011funu vurgulad\u0131. El Hazen, SANA&#8217;ya bir n\u00fcshas\u0131n\u0131n ula\u015ft\u0131\u011f\u0131 a\u00e7\u0131klamada, \u0130srail h\u00fck\u00fcmetinin i\u00e7 krizinden \u00e7\u0131k\u0131\u015f yolu olarak sald\u0131r\u0131lar\u0131n\u0131 L\u00fcbnan hava sahas\u0131 \u00fczerinden ger\u00e7ekle\u015ftirmekten ba\u015fka \u00e7are bulamad\u0131\u011f\u0131n\u0131 ve &hellip;<\/p>\n","protected":false},"author":41,"featured_media":277973,"comment_status":"closed","ping_status":"closed","sticky":false,"template":"","format":"standard","meta":{"footnotes":""},"categories":[458,459,17988],"tags":[],"class_list":["post-277972","post","type-post","status-publish","format-standard","has-post-thumbnail","","category-dunya1","category-haberler-arap-uluslararasi-politika","category-son-haberler"],"_links":{"self":[{"href":"https:\/\/archive.sana.sy\/tr\/index.php?rest_route=\/wp\/v2\/posts\/277972","targetHints":{"allow":["GET"]}}],"collection":[{"href":"https:\/\/archive.sana.sy\/tr\/index.php?rest_route=\/wp\/v2\/posts"}],"about":[{"href":"https:\/\/archive.sana.sy\/tr\/index.php?rest_route=\/wp\/v2\/types\/post"}],"author":[{"embeddable":true,"href":"https:\/\/archive.sana.sy\/tr\/index.php?rest_route=\/wp\/v2\/users\/41"}],"replies":[{"embeddable":true,"href":"https:\/\/archive.sana.sy\/tr\/index.php?rest_route=%2Fwp%2Fv2%2Fcomments&post=277972"}],"version-history":[{"count":0,"href":"https:\/\/archive.sana.sy\/tr\/index.php?rest_route=\/wp\/v2\/posts\/277972\/revisions"}],"wp:featuredmedia":[{"embeddable":true,"href":"https:\/\/archive.sana.sy\/tr\/index.php?rest_route=\/wp\/v2\/media\/277973"}],"wp:attachment":[{"href":"https:\/\/archive.sana.sy\/tr\/index.php?rest_route=%2Fwp%2Fv2%2Fmedia&parent=277972"}],"wp:term":[{"taxonomy":"category","embeddable":true,"href":"https:\/\/archive.sana.sy\/tr\/index.php?rest_route=%2Fwp%2Fv2%2Fcategories&post=277972"},{"taxonomy":"post_tag","embeddable":true,"href":"https:\/\/archive.sana.sy\/tr\/index.php?rest_route=%2Fwp%2Fv2%2Ftags&post=277972"}],"curies":[{"name":"wp","href":"https:\/\/api.w.org\/{rel}","templated":true}]}}