{"id":277982,"date":"2023-04-02T14:19:51","date_gmt":"2023-04-02T11:19:51","guid":{"rendered":"http:\/\/sana.sy\/tr\/?p=277982"},"modified":"2023-04-03T09:41:15","modified_gmt":"2023-04-03T06:41:15","slug":"nablusta-hapishanelerindeki-esirlere-destek-icin-dayanisma-durusu-duzenlendi","status":"publish","type":"post","link":"https:\/\/archive.sana.sy\/tr\/?p=277982","title":{"rendered":"Nablus&#8217;ta Hapishanelerindeki Esirlere Destek i\u00e7in Dayan\u0131\u015fma Duru\u015fu D\u00fczenlendi"},"content":{"rendered":"<p><strong>\u0130\u015eGAL ED\u0130LEN KUD\u00dcS<\/strong> &#8211; Bug\u00fcn Bat\u0131 Yaka&#8217;n\u0131n Nablus kentinde, \u0130srail i\u015fgali alt\u0131ndaki g\u00f6zalt\u0131 merkezlerinde Filistinli tutuklulara y\u00f6nelik k\u00f6t\u00fc uygulamalar nedeniyle onlara destek duru\u015funa tan\u0131k olundu.<\/p>\n<p>Filistin Wafa Ajans\u0131&#8217;na g\u00f6re, Nablus&#8217;taki Tutuklular\u0131 Destekleme Ulusal Komitesi ve Tutsaklar Kul\u00fcb\u00fc taraf\u0131ndan \u00e7a\u011fr\u0131lan n\u00f6bete kat\u0131lanlar Filistin bayraklar\u0131 ve i\u015fgalcilerin ba\u015fta hastalar olmak \u00fczere mahkumlara kar\u015f\u0131 uygulad\u0131\u011f\u0131 bask\u0131 ve taciz politikas\u0131n\u0131 k\u0131nayan pankartlar kald\u0131rarak, tutuklulu\u011funun 38. y\u0131l\u0131na giren kanser hastas\u0131 tutuklu Velid Dakka&#8217;n\u0131n serbest b\u0131rak\u0131lmas\u0131 i\u00e7in y\u00fcr\u00fct\u00fclen kampanyaya en geni\u015f kat\u0131l\u0131m\u0131n sa\u011flanmas\u0131 ve uluslararas\u0131 toplumun onun hayat\u0131n\u0131 kurtarmak i\u00e7in \u00fczerine d\u00fc\u015fen sorumlulu\u011fu yerine getirmesi \u00e7a\u011fr\u0131s\u0131nda bulundular.<\/p>\n<p>&nbsp;<\/p>\n<p>R.M.<\/p>\n<p><a href=\"https:\/\/t.me\/SuriyeArapHaberAjansI\">Telegram Kanal\u0131m\u0131z\u00a0<\/a><\/p>\n<p><a href=\"https:\/\/www.facebook.com\/SANAHaberAjansi\/\">Facebook Sayfam\u0131z<\/a><\/p>\n","protected":false},"excerpt":{"rendered":"<p>\u0130\u015eGAL ED\u0130LEN KUD\u00dcS &#8211; Bug\u00fcn Bat\u0131 Yaka&#8217;n\u0131n Nablus kentinde, \u0130srail i\u015fgali alt\u0131ndaki g\u00f6zalt\u0131 merkezlerinde Filistinli tutuklulara y\u00f6nelik k\u00f6t\u00fc uygulamalar nedeniyle onlara destek duru\u015funa tan\u0131k olundu. Filistin Wafa Ajans\u0131&#8217;na g\u00f6re, Nablus&#8217;taki Tutuklular\u0131 Destekleme Ulusal Komitesi ve Tutsaklar Kul\u00fcb\u00fc taraf\u0131ndan \u00e7a\u011fr\u0131lan n\u00f6bete kat\u0131lanlar Filistin bayraklar\u0131 ve i\u015fgalcilerin ba\u015fta hastalar olmak \u00fczere mahkumlara kar\u015f\u0131 uygulad\u0131\u011f\u0131 bask\u0131 ve taciz &hellip;<\/p>\n","protected":false},"author":41,"featured_media":277983,"comment_status":"closed","ping_status":"closed","sticky":false,"template":"","format":"standard","meta":{"footnotes":""},"categories":[458,459,17988],"tags":[],"class_list":["post-277982","post","type-post","status-publish","format-standard","has-post-thumbnail","","category-dunya1","category-haberler-arap-uluslararasi-politika","category-son-haberler"],"_links":{"self":[{"href":"https:\/\/archive.sana.sy\/tr\/index.php?rest_route=\/wp\/v2\/posts\/277982","targetHints":{"allow":["GET"]}}],"collection":[{"href":"https:\/\/archive.sana.sy\/tr\/index.php?rest_route=\/wp\/v2\/posts"}],"about":[{"href":"https:\/\/archive.sana.sy\/tr\/index.php?rest_route=\/wp\/v2\/types\/post"}],"author":[{"embeddable":true,"href":"https:\/\/archive.sana.sy\/tr\/index.php?rest_route=\/wp\/v2\/users\/41"}],"replies":[{"embeddable":true,"href":"https:\/\/archive.sana.sy\/tr\/index.php?rest_route=%2Fwp%2Fv2%2Fcomments&post=277982"}],"version-history":[{"count":0,"href":"https:\/\/archive.sana.sy\/tr\/index.php?rest_route=\/wp\/v2\/posts\/277982\/revisions"}],"wp:featuredmedia":[{"embeddable":true,"href":"https:\/\/archive.sana.sy\/tr\/index.php?rest_route=\/wp\/v2\/media\/277983"}],"wp:attachment":[{"href":"https:\/\/archive.sana.sy\/tr\/index.php?rest_route=%2Fwp%2Fv2%2Fmedia&parent=277982"}],"wp:term":[{"taxonomy":"category","embeddable":true,"href":"https:\/\/archive.sana.sy\/tr\/index.php?rest_route=%2Fwp%2Fv2%2Fcategories&post=277982"},{"taxonomy":"post_tag","embeddable":true,"href":"https:\/\/archive.sana.sy\/tr\/index.php?rest_route=%2Fwp%2Fv2%2Ftags&post=277982"}],"curies":[{"name":"wp","href":"https:\/\/api.w.org\/{rel}","templated":true}]}}