{"id":277985,"date":"2023-04-02T13:43:17","date_gmt":"2023-04-02T10:43:17","guid":{"rendered":"http:\/\/sana.sy\/tr\/?p=277985"},"modified":"2023-04-03T09:40:19","modified_gmt":"2023-04-03T06:40:19","slug":"iran-donanmasi-kacak-akaryakit-tasiyan-bir-gemiye-el-koydu","status":"publish","type":"post","link":"https:\/\/archive.sana.sy\/tr\/?p=277985","title":{"rendered":"\u0130ran Donanmas\u0131 Ka\u00e7ak Akaryak\u0131t Ta\u015f\u0131yan Bir Gemiye El Koydu"},"content":{"rendered":"<p><strong>TAHRAN<\/strong> &#8211; \u0130ran Donanmas\u0131 bug\u00fcn K\u00f6rfez sular\u0131nda ka\u00e7ak akaryak\u0131t ta\u015f\u0131yan yabanc\u0131 bir gemiye el koydu.<\/p>\n<p>Deniz Kuvvetleri bug\u00fcn yapt\u0131\u011f\u0131 a\u00e7\u0131klamada, &#8221;Gemide 125 bin litre ka\u00e7ak akaryak\u0131t ta\u015f\u0131yordu ve g\u00f6zalt\u0131 s\u00fcrecinde ihlal eden geminin 26 m\u00fcrettebat\u0131 tutukland\u0131.&#8221; ifadelerini kulland\u0131.<\/p>\n<p>&nbsp;<\/p>\n<p>R.M.<\/p>\n<p><a href=\"https:\/\/t.me\/SuriyeArapHaberAjansI\">Telegram Kanal\u0131m\u0131z\u00a0<\/a><\/p>\n<p><a href=\"https:\/\/www.facebook.com\/SANAHaberAjansi\/\">Facebook Sayfam\u0131z<\/a><\/p>\n","protected":false},"excerpt":{"rendered":"<p>TAHRAN &#8211; \u0130ran Donanmas\u0131 bug\u00fcn K\u00f6rfez sular\u0131nda ka\u00e7ak akaryak\u0131t ta\u015f\u0131yan yabanc\u0131 bir gemiye el koydu. Deniz Kuvvetleri bug\u00fcn yapt\u0131\u011f\u0131 a\u00e7\u0131klamada, &#8221;Gemide 125 bin litre ka\u00e7ak akaryak\u0131t ta\u015f\u0131yordu ve g\u00f6zalt\u0131 s\u00fcrecinde ihlal eden geminin 26 m\u00fcrettebat\u0131 tutukland\u0131.&#8221; ifadelerini kulland\u0131. &nbsp; R.M. Telegram Kanal\u0131m\u0131z\u00a0 Facebook Sayfam\u0131z<\/p>\n","protected":false},"author":41,"featured_media":277986,"comment_status":"closed","ping_status":"closed","sticky":false,"template":"","format":"standard","meta":{"footnotes":""},"categories":[458,459,17988],"tags":[],"class_list":["post-277985","post","type-post","status-publish","format-standard","has-post-thumbnail","","category-dunya1","category-haberler-arap-uluslararasi-politika","category-son-haberler"],"_links":{"self":[{"href":"https:\/\/archive.sana.sy\/tr\/index.php?rest_route=\/wp\/v2\/posts\/277985","targetHints":{"allow":["GET"]}}],"collection":[{"href":"https:\/\/archive.sana.sy\/tr\/index.php?rest_route=\/wp\/v2\/posts"}],"about":[{"href":"https:\/\/archive.sana.sy\/tr\/index.php?rest_route=\/wp\/v2\/types\/post"}],"author":[{"embeddable":true,"href":"https:\/\/archive.sana.sy\/tr\/index.php?rest_route=\/wp\/v2\/users\/41"}],"replies":[{"embeddable":true,"href":"https:\/\/archive.sana.sy\/tr\/index.php?rest_route=%2Fwp%2Fv2%2Fcomments&post=277985"}],"version-history":[{"count":0,"href":"https:\/\/archive.sana.sy\/tr\/index.php?rest_route=\/wp\/v2\/posts\/277985\/revisions"}],"wp:featuredmedia":[{"embeddable":true,"href":"https:\/\/archive.sana.sy\/tr\/index.php?rest_route=\/wp\/v2\/media\/277986"}],"wp:attachment":[{"href":"https:\/\/archive.sana.sy\/tr\/index.php?rest_route=%2Fwp%2Fv2%2Fmedia&parent=277985"}],"wp:term":[{"taxonomy":"category","embeddable":true,"href":"https:\/\/archive.sana.sy\/tr\/index.php?rest_route=%2Fwp%2Fv2%2Fcategories&post=277985"},{"taxonomy":"post_tag","embeddable":true,"href":"https:\/\/archive.sana.sy\/tr\/index.php?rest_route=%2Fwp%2Fv2%2Ftags&post=277985"}],"curies":[{"name":"wp","href":"https:\/\/api.w.org\/{rel}","templated":true}]}}