{"id":277989,"date":"2023-04-02T18:46:41","date_gmt":"2023-04-02T15:46:41","guid":{"rendered":"http:\/\/sana.sy\/tr\/?p=277989"},"modified":"2023-04-06T09:15:49","modified_gmt":"2023-04-06T06:15:49","slug":"misir-demokratik-nesil-partisi-israilin-suriyeye-yonelik-saldirganliklari-bm-tuzugunun-ihlalidir","status":"publish","type":"post","link":"https:\/\/archive.sana.sy\/tr\/?p=277989","title":{"rendered":"M\u0131s\u0131r Demokratik Nesil Partisi: \u0130srail&#8217;in Suriye&#8217;ye Y\u00f6nelik Sald\u0131rganl\u0131klar\u0131 BM T\u00fcz\u00fc\u011f\u00fc&#8217;n\u00fcn \u0130hlalidir"},"content":{"rendered":"<p><strong>KAH\u0130RE<\/strong> &#8211; M\u0131s\u0131r Demokratik Nesil Partisi, \u0130srail&#8217;in Suriye&#8217;ye y\u00f6nelik tekrarlanan sald\u0131r\u0131lar\u0131n\u0131 k\u0131nad\u0131 ve bunlar\u0131n Birle\u015fmi\u015f Milletler \u015eart\u0131&#8217;n\u0131n ihlali oldu\u011funu vurgulad\u0131.<\/p>\n<p>Parti bug\u00fcn yapt\u0131\u011f\u0131 a\u00e7\u0131klamada, \u2018\u2019\u0130srail&#8217;in Suriye topraklar\u0131na y\u00f6nelik sald\u0131r\u0131lar\u0131, ter\u00f6r \u00e7etelerinin Halep ve \u0130dlib k\u0131rsal\u0131na y\u00f6nelik sald\u0131r\u0131lar\u0131yla \u00f6rt\u00fc\u015f\u00fcyor. Bu, iki taraf aras\u0131nda ortak koordinasyonun varl\u0131\u011f\u0131n\u0131 ve ter\u00f6rist gruplar\u0131n \u0130srail varl\u0131\u011f\u0131na tabi oldu\u011funu vurgulyor\u2019\u2019 ifadelerini kullanarak, ter\u00f6rizm ve vah\u015fi sald\u0131r\u0131lar\u0131n aralar\u0131nda ortak bir \u00f6zellik oldu\u011funa dikkat \u00e7ekti.<\/p>\n<p>Nesil Partisi ba\u015fkan\u0131 ve M\u0131s\u0131r Siyasi Partiler Ulusal Koalisyonu genel koordinat\u00f6r\u00fc Naci El \u015eihabi, Suriye Arap Ordusu&#8217;nun ve hava savunmas\u0131n\u0131n \u0130srail ve ter\u00f6r sald\u0131r\u0131lar\u0131na verdi\u011fi tepkiyi \u00f6verken, Arap ulusunun ve d\u00fcnyan\u0131n ya\u015fayan g\u00fc\u00e7lerini bu sald\u0131r\u0131lar\u0131 k\u0131namaya \u00e7a\u011f\u0131rd\u0131.<\/p>\n<p>El \u015eihabi, \u0130srail sald\u0131r\u0131lar\u0131n\u0131n \u0130srail varl\u0131\u011f\u0131n\u0131n i\u00e7 krizlerini \u00f6rtbas etmeyi ama\u00e7lad\u0131\u011f\u0131n\u0131 vurgulayarak, bunlar\u0131n Birle\u015fmi\u015f Milletler \u015eart\u0131&#8217;n\u0131 ihlal etti\u011fini ve egemen bir devlete ve uluslararas\u0131 \u00f6rg\u00fct\u00fcn kurucusuna y\u00f6nelik bir sald\u0131r\u0131 te\u015fkil etti\u011fini belirtti.<\/p>\n<p>&nbsp;<\/p>\n<p>R.M.<\/p>\n<p><a href=\"https:\/\/t.me\/SuriyeArapHaberAjansI\">Telegram Kanal\u0131m\u0131z\u00a0<\/a><\/p>\n<p><a href=\"https:\/\/www.facebook.com\/SANAHaberAjansi\/\">Facebook Sayfam\u0131z<\/a><\/p>\n","protected":false},"excerpt":{"rendered":"<p>KAH\u0130RE &#8211; M\u0131s\u0131r Demokratik Nesil Partisi, \u0130srail&#8217;in Suriye&#8217;ye y\u00f6nelik tekrarlanan sald\u0131r\u0131lar\u0131n\u0131 k\u0131nad\u0131 ve bunlar\u0131n Birle\u015fmi\u015f Milletler \u015eart\u0131&#8217;n\u0131n ihlali oldu\u011funu vurgulad\u0131. Parti bug\u00fcn yapt\u0131\u011f\u0131 a\u00e7\u0131klamada, \u2018\u2019\u0130srail&#8217;in Suriye topraklar\u0131na y\u00f6nelik sald\u0131r\u0131lar\u0131, ter\u00f6r \u00e7etelerinin Halep ve \u0130dlib k\u0131rsal\u0131na y\u00f6nelik sald\u0131r\u0131lar\u0131yla \u00f6rt\u00fc\u015f\u00fcyor. Bu, iki taraf aras\u0131nda ortak koordinasyonun varl\u0131\u011f\u0131n\u0131 ve ter\u00f6rist gruplar\u0131n \u0130srail varl\u0131\u011f\u0131na tabi oldu\u011funu vurgulyor\u2019\u2019 ifadelerini kullanarak, &hellip;<\/p>\n","protected":false},"author":41,"featured_media":277991,"comment_status":"closed","ping_status":"closed","sticky":false,"template":"","format":"standard","meta":{"footnotes":""},"categories":[458,459,17988],"tags":[],"class_list":["post-277989","post","type-post","status-publish","format-standard","has-post-thumbnail","","category-dunya1","category-haberler-arap-uluslararasi-politika","category-son-haberler"],"_links":{"self":[{"href":"https:\/\/archive.sana.sy\/tr\/index.php?rest_route=\/wp\/v2\/posts\/277989","targetHints":{"allow":["GET"]}}],"collection":[{"href":"https:\/\/archive.sana.sy\/tr\/index.php?rest_route=\/wp\/v2\/posts"}],"about":[{"href":"https:\/\/archive.sana.sy\/tr\/index.php?rest_route=\/wp\/v2\/types\/post"}],"author":[{"embeddable":true,"href":"https:\/\/archive.sana.sy\/tr\/index.php?rest_route=\/wp\/v2\/users\/41"}],"replies":[{"embeddable":true,"href":"https:\/\/archive.sana.sy\/tr\/index.php?rest_route=%2Fwp%2Fv2%2Fcomments&post=277989"}],"version-history":[{"count":0,"href":"https:\/\/archive.sana.sy\/tr\/index.php?rest_route=\/wp\/v2\/posts\/277989\/revisions"}],"wp:featuredmedia":[{"embeddable":true,"href":"https:\/\/archive.sana.sy\/tr\/index.php?rest_route=\/wp\/v2\/media\/277991"}],"wp:attachment":[{"href":"https:\/\/archive.sana.sy\/tr\/index.php?rest_route=%2Fwp%2Fv2%2Fmedia&parent=277989"}],"wp:term":[{"taxonomy":"category","embeddable":true,"href":"https:\/\/archive.sana.sy\/tr\/index.php?rest_route=%2Fwp%2Fv2%2Fcategories&post=277989"},{"taxonomy":"post_tag","embeddable":true,"href":"https:\/\/archive.sana.sy\/tr\/index.php?rest_route=%2Fwp%2Fv2%2Ftags&post=277989"}],"curies":[{"name":"wp","href":"https:\/\/api.w.org\/{rel}","templated":true}]}}