{"id":277998,"date":"2023-04-03T10:07:17","date_gmt":"2023-04-03T07:07:17","guid":{"rendered":"https:\/\/sana.sy\/tr\/?p=277998"},"modified":"2023-04-06T09:15:55","modified_gmt":"2023-04-06T06:15:55","slug":"samda-bomba-yuklu-bir-arac-patladi-video","status":"publish","type":"post","link":"https:\/\/archive.sana.sy\/tr\/?p=277998","title":{"rendered":"\u015eam\u2019da Bomba Y\u00fckl\u00fc Bir Ara\u00e7 Patlad\u0131"},"content":{"rendered":"<p><strong>\u015eAM \u2013 <\/strong>\u015eam&#8217;daki El Mazzeh b\u00f6lgesinde bomba y\u00fckl\u00fc bir arac\u0131n infilak etmesi sadece maddi hasara yol a\u00e7t\u0131.<\/p>\n<p>\u015eam Valili\u011fi Polis Komutanl\u0131\u011f\u0131&#8217;ndan bir kaynak, SANA&#8217;ya, do\u011fu Mezzeh b\u00f6lgesinde sivil bir ara\u00e7ta patlay\u0131c\u0131 d\u00fczene\u011fin patlad\u0131\u011f\u0131n\u0131 belirterek, maddi hasar\u0131n meydana geldi\u011fini ve yaralanan olmad\u0131\u011f\u0131na i\u015faret etti.<\/p>\n<p><iframe loading=\"lazy\" title=\"\u0627\u0644\u0627\u0636\u0631\u0627\u0631 \u0627\u0644\u062a\u064a \u062e\u0644\u0641\u0647\u0627 \u0627\u0646\u0641\u062c\u0627\u0631 \u0639\u0628\u0648\u0629 \u0628\u0633\u064a\u0627\u0631\u0629 \u0645\u062f\u0646\u064a\u0629 \u0641\u064a \u0627\u0644\u0645\u0632\u0629 \u0628\u062f\u0645\u0634\u0642\" src=\"https:\/\/www.youtube.com\/embed\/DqN4t7ROEKc\" width=\"620\" height=\"348\" frameborder=\"0\" allowfullscreen=\"allowfullscreen\"><\/iframe><\/p>\n<p><iframe loading=\"lazy\" title=\"\u0627\u0646\u0641\u062c\u0627\u0631 \u0639\u0628\u0648\u0629 \u0641\u064a \u0633\u064a\u0627\u0631\u0629 \u0645\u062f\u0646\u064a\u0629 \u0628\u0645\u0646\u0637\u0642\u0629 \u0627\u0644\u0645\u0632\u0629 \u0641\u064a \u062f\u0645\u0634\u0642 \u062f\u0648\u0646 \u0648\u0642\u0648\u0639 \u0625\u0635\u0627\u0628\u0627\u062a\" src=\"https:\/\/www.youtube.com\/embed\/_nJIpQ-XyE8\" width=\"620\" height=\"348\" frameborder=\"0\" allowfullscreen=\"allowfullscreen\"><\/iframe><\/p>\n<div id='gallery-1' class='gallery galleryid-277998 gallery-columns-2 gallery-size-full'><figure class='gallery-item'>\n\t\t\t<div class='gallery-icon landscape'>\n\t\t\t\t<a href='https:\/\/archive.sana.sy\/tr\/wp-content\/uploads\/2023\/04\/9898656553.jpg'><img loading=\"lazy\" decoding=\"async\" width=\"660\" height=\"370\" src=\"https:\/\/archive.sana.sy\/tr\/wp-content\/uploads\/2023\/04\/9898656553.jpg\" class=\"attachment-full size-full\" alt=\"\" srcset=\"https:\/\/archive.sana.sy\/tr\/wp-content\/uploads\/2023\/04\/9898656553.jpg 660w, https:\/\/archive.sana.sy\/tr\/wp-content\/uploads\/2023\/04\/9898656553-300x168.jpg 300w\" sizes=\"auto, (max-width: 660px) 100vw, 660px\" \/><\/a>\n\t\t\t<\/div><\/figure><figure class='gallery-item'>\n\t\t\t<div class='gallery-icon landscape'>\n\t\t\t\t<a href='https:\/\/archive.sana.sy\/tr\/wp-content\/uploads\/2023\/04\/9898656553-1.jpg'><img loading=\"lazy\" decoding=\"async\" width=\"660\" height=\"370\" src=\"https:\/\/archive.sana.sy\/tr\/wp-content\/uploads\/2023\/04\/9898656553-1.jpg\" class=\"attachment-full size-full\" alt=\"\" srcset=\"https:\/\/archive.sana.sy\/tr\/wp-content\/uploads\/2023\/04\/9898656553-1.jpg 660w, https:\/\/archive.sana.sy\/tr\/wp-content\/uploads\/2023\/04\/9898656553-1-300x168.jpg 300w\" sizes=\"auto, (max-width: 660px) 100vw, 660px\" \/><\/a>\n\t\t\t<\/div><\/figure>\n\t\t<\/div>\n\n<p>&nbsp;<\/p>\n<p><a href=\"https:\/\/t.me\/SuriyeArapHaberAjansI\">Telegram Kanal\u0131m\u0131z\u00a0<\/a><\/p>\n<p><a href=\"https:\/\/www.facebook.com\/SANAHaberAjansi\/\">Facebook Sayfam\u0131z<\/a><\/p>\n","protected":false},"excerpt":{"rendered":"<p>\u015eAM \u2013 \u015eam&#8217;daki El Mazzeh b\u00f6lgesinde bomba y\u00fckl\u00fc bir arac\u0131n infilak etmesi sadece maddi hasara yol a\u00e7t\u0131. \u015eam Valili\u011fi Polis Komutanl\u0131\u011f\u0131&#8217;ndan bir kaynak, SANA&#8217;ya, do\u011fu Mezzeh b\u00f6lgesinde sivil bir ara\u00e7ta patlay\u0131c\u0131 d\u00fczene\u011fin patlad\u0131\u011f\u0131n\u0131 belirterek, maddi hasar\u0131n meydana geldi\u011fini ve yaralanan olmad\u0131\u011f\u0131na i\u015faret etti. &nbsp; Telegram Kanal\u0131m\u0131z\u00a0 Facebook Sayfam\u0131z<\/p>\n","protected":false},"author":39,"featured_media":277999,"comment_status":"closed","ping_status":"closed","sticky":false,"template":"","format":"standard","meta":{"footnotes":""},"categories":[479,17988,478],"tags":[],"class_list":["post-277998","post","type-post","status-publish","format-standard","has-post-thumbnail","","category-haberler-yerel","category-son-haberler","category-yerel"],"_links":{"self":[{"href":"https:\/\/archive.sana.sy\/tr\/index.php?rest_route=\/wp\/v2\/posts\/277998","targetHints":{"allow":["GET"]}}],"collection":[{"href":"https:\/\/archive.sana.sy\/tr\/index.php?rest_route=\/wp\/v2\/posts"}],"about":[{"href":"https:\/\/archive.sana.sy\/tr\/index.php?rest_route=\/wp\/v2\/types\/post"}],"author":[{"embeddable":true,"href":"https:\/\/archive.sana.sy\/tr\/index.php?rest_route=\/wp\/v2\/users\/39"}],"replies":[{"embeddable":true,"href":"https:\/\/archive.sana.sy\/tr\/index.php?rest_route=%2Fwp%2Fv2%2Fcomments&post=277998"}],"version-history":[{"count":0,"href":"https:\/\/archive.sana.sy\/tr\/index.php?rest_route=\/wp\/v2\/posts\/277998\/revisions"}],"wp:featuredmedia":[{"embeddable":true,"href":"https:\/\/archive.sana.sy\/tr\/index.php?rest_route=\/wp\/v2\/media\/277999"}],"wp:attachment":[{"href":"https:\/\/archive.sana.sy\/tr\/index.php?rest_route=%2Fwp%2Fv2%2Fmedia&parent=277998"}],"wp:term":[{"taxonomy":"category","embeddable":true,"href":"https:\/\/archive.sana.sy\/tr\/index.php?rest_route=%2Fwp%2Fv2%2Fcategories&post=277998"},{"taxonomy":"post_tag","embeddable":true,"href":"https:\/\/archive.sana.sy\/tr\/index.php?rest_route=%2Fwp%2Fv2%2Ftags&post=277998"}],"curies":[{"name":"wp","href":"https:\/\/api.w.org\/{rel}","templated":true}]}}