{"id":278004,"date":"2023-04-03T10:42:28","date_gmt":"2023-04-03T07:42:28","guid":{"rendered":"https:\/\/sana.sy\/tr\/?p=278004"},"modified":"2023-04-06T09:15:59","modified_gmt":"2023-04-06T06:15:59","slug":"nablusta-iki-filistinli-isgal-kursunlariyla-sehit-dustu","status":"publish","type":"post","link":"https:\/\/archive.sana.sy\/tr\/?p=278004","title":{"rendered":"Nablus&#8217;ta \u0130\u015fgal Kur\u015funlar\u0131yla \u0130ki Filistinli \u015eehit D\u00fc\u015ft\u00fc"},"content":{"rendered":"<p><strong>\u0130\u015eGAL ED\u0130LEN KUD\u00dcS<\/strong> \u2013\u0130srail i\u015fgal g\u00fc\u00e7lerinin Bat\u0131 Yaka&#8217;daki Nablus kentine d\u00fczenledi\u011fi sald\u0131r\u0131da iki Filistinli \u015fehit d\u00fc\u015ft\u00fc, iki ki\u015fi de tutukland\u0131.<\/p>\n<p>WAFA Haber Ajans\u0131, \u0130\u015fgal g\u00fc\u00e7lerinin Nablus kentine ate\u015f ortas\u0131nda \u00e7e\u015fitli y\u00f6nlerden bask\u0131n d\u00fczenledi\u011fini, bunun iki Filistinlinin \u015fehit d\u00fc\u015fmesine ve di\u011ferleri de tutuklanmas\u0131na neden oldu\u011funa i\u015faret etti.<\/p>\n<p>Ajans ayr\u0131ca, \u0130\u015fgal g\u00fc\u00e7lerinin Nablus Hastanesi&#8217;ne zehirli gaz bombalar\u0131yla sald\u0131rd\u0131\u011f\u0131n\u0131 belirtti.<\/p>\n<p><a href=\"https:\/\/t.me\/SuriyeArapHaberAjansI\">Telegram Kanal\u0131m\u0131z\u00a0<\/a><\/p>\n<p><a href=\"https:\/\/www.facebook.com\/SANAHaberAjansi\/\">Facebook Sayfam\u0131z<\/a><\/p>\n","protected":false},"excerpt":{"rendered":"<p>\u0130\u015eGAL ED\u0130LEN KUD\u00dcS \u2013\u0130srail i\u015fgal g\u00fc\u00e7lerinin Bat\u0131 Yaka&#8217;daki Nablus kentine d\u00fczenledi\u011fi sald\u0131r\u0131da iki Filistinli \u015fehit d\u00fc\u015ft\u00fc, iki ki\u015fi de tutukland\u0131. WAFA Haber Ajans\u0131, \u0130\u015fgal g\u00fc\u00e7lerinin Nablus kentine ate\u015f ortas\u0131nda \u00e7e\u015fitli y\u00f6nlerden bask\u0131n d\u00fczenledi\u011fini, bunun iki Filistinlinin \u015fehit d\u00fc\u015fmesine ve di\u011ferleri de tutuklanmas\u0131na neden oldu\u011funa i\u015faret etti. Ajans ayr\u0131ca, \u0130\u015fgal g\u00fc\u00e7lerinin Nablus Hastanesi&#8217;ne zehirli gaz bombalar\u0131yla &hellip;<\/p>\n","protected":false},"author":39,"featured_media":278005,"comment_status":"closed","ping_status":"closed","sticky":false,"template":"","format":"standard","meta":{"footnotes":""},"categories":[458,459,17988],"tags":[],"class_list":["post-278004","post","type-post","status-publish","format-standard","has-post-thumbnail","","category-dunya1","category-haberler-arap-uluslararasi-politika","category-son-haberler"],"_links":{"self":[{"href":"https:\/\/archive.sana.sy\/tr\/index.php?rest_route=\/wp\/v2\/posts\/278004","targetHints":{"allow":["GET"]}}],"collection":[{"href":"https:\/\/archive.sana.sy\/tr\/index.php?rest_route=\/wp\/v2\/posts"}],"about":[{"href":"https:\/\/archive.sana.sy\/tr\/index.php?rest_route=\/wp\/v2\/types\/post"}],"author":[{"embeddable":true,"href":"https:\/\/archive.sana.sy\/tr\/index.php?rest_route=\/wp\/v2\/users\/39"}],"replies":[{"embeddable":true,"href":"https:\/\/archive.sana.sy\/tr\/index.php?rest_route=%2Fwp%2Fv2%2Fcomments&post=278004"}],"version-history":[{"count":0,"href":"https:\/\/archive.sana.sy\/tr\/index.php?rest_route=\/wp\/v2\/posts\/278004\/revisions"}],"wp:featuredmedia":[{"embeddable":true,"href":"https:\/\/archive.sana.sy\/tr\/index.php?rest_route=\/wp\/v2\/media\/278005"}],"wp:attachment":[{"href":"https:\/\/archive.sana.sy\/tr\/index.php?rest_route=%2Fwp%2Fv2%2Fmedia&parent=278004"}],"wp:term":[{"taxonomy":"category","embeddable":true,"href":"https:\/\/archive.sana.sy\/tr\/index.php?rest_route=%2Fwp%2Fv2%2Fcategories&post=278004"},{"taxonomy":"post_tag","embeddable":true,"href":"https:\/\/archive.sana.sy\/tr\/index.php?rest_route=%2Fwp%2Fv2%2Ftags&post=278004"}],"curies":[{"name":"wp","href":"https:\/\/api.w.org\/{rel}","templated":true}]}}