{"id":278010,"date":"2023-04-03T11:13:13","date_gmt":"2023-04-03T08:13:13","guid":{"rendered":"https:\/\/sana.sy\/tr\/?p=278010"},"modified":"2023-04-06T09:16:02","modified_gmt":"2023-04-06T06:16:02","slug":"ulusal-deprem-merkezi-son-24-saatte-22-deprem-meydana-geldi","status":"publish","type":"post","link":"https:\/\/archive.sana.sy\/tr\/?p=278010","title":{"rendered":"Ulusal Deprem Merkezi: Son 24 saatte 22 Deprem Meydana Geldi"},"content":{"rendered":"<p><strong>\u015eAM \u2013 <\/strong>Ulusal Sismoloji Merkezi, son 24 saat i\u00e7inde 22 hafif \u015fiddetli depremin kaydedildi\u011fini ilan etti.<\/p>\n<p>Merkez yapt\u0131\u011f\u0131 ve SANA\u2019n\u0131n n\u00fcshas\u0131n\u0131 ald\u0131\u011f\u0131 beyanda, Ulusal Sismik \u0130zleme A\u011f\u0131 istasyonlar\u0131n\u0131n bug\u00fcn saat 06:45&#8217;e kadar Homs&#8217;ta 3, Lazkiye&#8217;nin bat\u0131s\u0131nda 1, \u0130skenderun&#8217;da 8, Sahla&#8217;da 1 ve T\u00fcrkiye&#8217;de 8 ve do\u011fusunda 1 depremi izledi\u011fini belirtti.<\/p>\n<p>Merkez, sars\u0131nt\u0131lar\u0131n \u015fiddetinin Richter \u00f6l\u00e7e\u011fine g\u00f6re 1,6 ile 3,8 derece aras\u0131nda de\u011fi\u015fti\u011fini ve farkl\u0131 derinliklerde gelip 37,9 km&#8217;ye ula\u015ft\u0131\u011f\u0131n\u0131 belirtti.<\/p>\n<p><a href=\"https:\/\/t.me\/SuriyeArapHaberAjansI\">Telegram Kanal\u0131m\u0131z\u00a0<\/a><\/p>\n<p><a href=\"https:\/\/www.facebook.com\/SANAHaberAjansi\/\">Facebook Sayfam\u0131z<\/a><\/p>\n","protected":false},"excerpt":{"rendered":"<p>\u015eAM \u2013 Ulusal Sismoloji Merkezi, son 24 saat i\u00e7inde 22 hafif \u015fiddetli depremin kaydedildi\u011fini ilan etti. Merkez yapt\u0131\u011f\u0131 ve SANA\u2019n\u0131n n\u00fcshas\u0131n\u0131 ald\u0131\u011f\u0131 beyanda, Ulusal Sismik \u0130zleme A\u011f\u0131 istasyonlar\u0131n\u0131n bug\u00fcn saat 06:45&#8217;e kadar Homs&#8217;ta 3, Lazkiye&#8217;nin bat\u0131s\u0131nda 1, \u0130skenderun&#8217;da 8, Sahla&#8217;da 1 ve T\u00fcrkiye&#8217;de 8 ve do\u011fusunda 1 depremi izledi\u011fini belirtti. Merkez, sars\u0131nt\u0131lar\u0131n \u015fiddetinin Richter \u00f6l\u00e7e\u011fine &hellip;<\/p>\n","protected":false},"author":39,"featured_media":278011,"comment_status":"closed","ping_status":"closed","sticky":false,"template":"","format":"standard","meta":{"footnotes":""},"categories":[479,17988,478],"tags":[],"class_list":["post-278010","post","type-post","status-publish","format-standard","has-post-thumbnail","","category-haberler-yerel","category-son-haberler","category-yerel"],"_links":{"self":[{"href":"https:\/\/archive.sana.sy\/tr\/index.php?rest_route=\/wp\/v2\/posts\/278010","targetHints":{"allow":["GET"]}}],"collection":[{"href":"https:\/\/archive.sana.sy\/tr\/index.php?rest_route=\/wp\/v2\/posts"}],"about":[{"href":"https:\/\/archive.sana.sy\/tr\/index.php?rest_route=\/wp\/v2\/types\/post"}],"author":[{"embeddable":true,"href":"https:\/\/archive.sana.sy\/tr\/index.php?rest_route=\/wp\/v2\/users\/39"}],"replies":[{"embeddable":true,"href":"https:\/\/archive.sana.sy\/tr\/index.php?rest_route=%2Fwp%2Fv2%2Fcomments&post=278010"}],"version-history":[{"count":0,"href":"https:\/\/archive.sana.sy\/tr\/index.php?rest_route=\/wp\/v2\/posts\/278010\/revisions"}],"wp:featuredmedia":[{"embeddable":true,"href":"https:\/\/archive.sana.sy\/tr\/index.php?rest_route=\/wp\/v2\/media\/278011"}],"wp:attachment":[{"href":"https:\/\/archive.sana.sy\/tr\/index.php?rest_route=%2Fwp%2Fv2%2Fmedia&parent=278010"}],"wp:term":[{"taxonomy":"category","embeddable":true,"href":"https:\/\/archive.sana.sy\/tr\/index.php?rest_route=%2Fwp%2Fv2%2Fcategories&post=278010"},{"taxonomy":"post_tag","embeddable":true,"href":"https:\/\/archive.sana.sy\/tr\/index.php?rest_route=%2Fwp%2Fv2%2Ftags&post=278010"}],"curies":[{"name":"wp","href":"https:\/\/api.w.org\/{rel}","templated":true}]}}