{"id":278015,"date":"2023-04-03T11:43:44","date_gmt":"2023-04-03T08:43:44","guid":{"rendered":"https:\/\/sana.sy\/tr\/?p=278015"},"modified":"2023-04-06T09:16:05","modified_gmt":"2023-04-06T06:16:05","slug":"yemen-sura-konseyi-israilin-suriye-ve-filistine-yonelik-saldirilarini-kinadi","status":"publish","type":"post","link":"https:\/\/archive.sana.sy\/tr\/?p=278015","title":{"rendered":"Yemen \u015eura Konseyi, \u0130srail&#8217;in Suriye Ve Filistin&#8217;e Y\u00f6nelik Sald\u0131r\u0131lar\u0131n\u0131 K\u0131nad\u0131"},"content":{"rendered":"<p><strong>SANAA \u2013 <\/strong>Yemen \u015eura Konseyi Ba\u015fkanl\u0131\u011f\u0131, \u0130srail&#8217;in Suriye topraklar\u0131na y\u00f6nelik tekrarlanan d\u00fczenledi\u011fi sald\u0131r\u0131lar\u0131 k\u0131nad\u0131.<\/p>\n<p><strong>\u00a0<\/strong>Heyet d\u00fcnk\u00fc toplant\u0131s\u0131nda \u015funlar\u0131 s\u00f6yledi: \u201cSiyonist olu\u015fum taraf\u0131ndan Suriye topraklar\u0131nda ger\u00e7ekle\u015ftirilen ve sonuncusu ba\u015fkent \u015eam ve banliy\u00f6lerindeki bir dizi merkez ve noktan\u0131n bombalanmas\u0131 olmak \u00fczere tekrarlanan d\u00fczenledi\u011fi d\u00fc\u015fmanca sald\u0131r\u0131lar\u0131 k\u0131n\u0131yoruz\u201d dedi.<\/p>\n<p>Heyet \u00a0ayr\u0131ca, \u0130srail i\u015fgalinin ku\u015fatma alt\u0131ndaki Gazze \u015eeridi ve Bat\u0131 \u015eeria&#8217;daki keyfi uygulamalar\u0131n\u0131 ve yerle\u015fimcilerin i\u015fgal alt\u0131ndaki Filistin topraklar\u0131nda durumu t\u0131rmand\u0131rma tehdidi olu\u015fturan kutsal Mescid-i Aksa&#8217;ya bask\u0131n\u0131n\u0131 da k\u0131nad\u0131.<\/p>\n<p><a href=\"https:\/\/t.me\/SuriyeArapHaberAjansI\">Telegram Kanal\u0131m\u0131z\u00a0<\/a><\/p>\n<p><a href=\"https:\/\/www.facebook.com\/SANAHaberAjansi\/\">Facebook Sayfam\u0131z<\/a><\/p>\n<p>&nbsp;<\/p>\n","protected":false},"excerpt":{"rendered":"<p>SANAA \u2013 Yemen \u015eura Konseyi Ba\u015fkanl\u0131\u011f\u0131, \u0130srail&#8217;in Suriye topraklar\u0131na y\u00f6nelik tekrarlanan d\u00fczenledi\u011fi sald\u0131r\u0131lar\u0131 k\u0131nad\u0131. \u00a0Heyet d\u00fcnk\u00fc toplant\u0131s\u0131nda \u015funlar\u0131 s\u00f6yledi: \u201cSiyonist olu\u015fum taraf\u0131ndan Suriye topraklar\u0131nda ger\u00e7ekle\u015ftirilen ve sonuncusu ba\u015fkent \u015eam ve banliy\u00f6lerindeki bir dizi merkez ve noktan\u0131n bombalanmas\u0131 olmak \u00fczere tekrarlanan d\u00fczenledi\u011fi d\u00fc\u015fmanca sald\u0131r\u0131lar\u0131 k\u0131n\u0131yoruz\u201d dedi. Heyet \u00a0ayr\u0131ca, \u0130srail i\u015fgalinin ku\u015fatma alt\u0131ndaki Gazze \u015eeridi ve Bat\u0131 &hellip;<\/p>\n","protected":false},"author":39,"featured_media":278016,"comment_status":"closed","ping_status":"closed","sticky":false,"template":"","format":"standard","meta":{"footnotes":""},"categories":[458,459,17988],"tags":[],"class_list":["post-278015","post","type-post","status-publish","format-standard","has-post-thumbnail","","category-dunya1","category-haberler-arap-uluslararasi-politika","category-son-haberler"],"_links":{"self":[{"href":"https:\/\/archive.sana.sy\/tr\/index.php?rest_route=\/wp\/v2\/posts\/278015","targetHints":{"allow":["GET"]}}],"collection":[{"href":"https:\/\/archive.sana.sy\/tr\/index.php?rest_route=\/wp\/v2\/posts"}],"about":[{"href":"https:\/\/archive.sana.sy\/tr\/index.php?rest_route=\/wp\/v2\/types\/post"}],"author":[{"embeddable":true,"href":"https:\/\/archive.sana.sy\/tr\/index.php?rest_route=\/wp\/v2\/users\/39"}],"replies":[{"embeddable":true,"href":"https:\/\/archive.sana.sy\/tr\/index.php?rest_route=%2Fwp%2Fv2%2Fcomments&post=278015"}],"version-history":[{"count":0,"href":"https:\/\/archive.sana.sy\/tr\/index.php?rest_route=\/wp\/v2\/posts\/278015\/revisions"}],"wp:featuredmedia":[{"embeddable":true,"href":"https:\/\/archive.sana.sy\/tr\/index.php?rest_route=\/wp\/v2\/media\/278016"}],"wp:attachment":[{"href":"https:\/\/archive.sana.sy\/tr\/index.php?rest_route=%2Fwp%2Fv2%2Fmedia&parent=278015"}],"wp:term":[{"taxonomy":"category","embeddable":true,"href":"https:\/\/archive.sana.sy\/tr\/index.php?rest_route=%2Fwp%2Fv2%2Fcategories&post=278015"},{"taxonomy":"post_tag","embeddable":true,"href":"https:\/\/archive.sana.sy\/tr\/index.php?rest_route=%2Fwp%2Fv2%2Ftags&post=278015"}],"curies":[{"name":"wp","href":"https:\/\/api.w.org\/{rel}","templated":true}]}}