{"id":278019,"date":"2023-04-03T12:46:20","date_gmt":"2023-04-03T09:46:20","guid":{"rendered":"https:\/\/sana.sy\/tr\/?p=278019"},"modified":"2023-04-06T09:16:10","modified_gmt":"2023-04-06T06:16:10","slug":"suriye-ve-iran-heyetleri-moskovadaki-suriye-buyukelciliginde-gorustu","status":"publish","type":"post","link":"https:\/\/archive.sana.sy\/tr\/?p=278019","title":{"rendered":"Suriye Ve \u0130ran Heyetleri Moskova&#8217;daki Suriye B\u00fcy\u00fckel\u00e7ili\u011fi&#8217;nde G\u00f6r\u00fc\u015ft\u00fc"},"content":{"rendered":"<p><strong>MOSKOVA \u2013<\/strong>D\u0131\u015fi\u015fleri ve Gurbet\u00e7iler Bakan Yard\u0131mc\u0131s\u0131 Dr. Eymen Sosan, \u0130ran D\u0131\u015fi\u015fleri Bakan\u0131 \u00d6zel Siyasi \u0130\u015flerden Sorumlu K\u0131demli Yard\u0131mc\u0131s\u0131 Ali Asghar Khaji ile Moskova&#8217;da bir araya geldi.<\/p>\n<p>G\u00f6r\u00fc\u015fmede, iki taraf aras\u0131ndaki ortak koordinasyon \u0131\u015f\u0131\u011f\u0131nda Suriye, Rusya, \u0130ran ve T\u00fcrkiye d\u0131\u015fi\u015fleri bakan yard\u0131mc\u0131lar\u0131n\u0131n d\u00f6rtl\u00fc toplant\u0131s\u0131na ili\u015fkin hususlar ele al\u0131nd\u0131.<\/p>\n<p>Suriye&#8217;nin egemenli\u011fine, birli\u011fine ve toprak b\u00fct\u00fcnl\u00fc\u011f\u00fcne sayg\u0131n\u0131n vurgulanmas\u0131 ve Suriye topraklar\u0131ndaki yasad\u0131\u015f\u0131 T\u00fcrk varl\u0131\u011f\u0131n\u0131n sona erdirilmesi konusunda g\u00f6r\u00fc\u015fler ayn\u0131yd\u0131.<\/p>\n<p>G\u00f6r\u00fc\u015fmeye Suriye ve \u0130ran heyetlerinin \u00fcyeleri kat\u0131ld\u0131.<\/p>\n<div id='gallery-1' class='gallery galleryid-278019 gallery-columns-1 gallery-size-full'><figure class='gallery-item'>\n\t\t\t<div class='gallery-icon landscape'>\n\t\t\t\t<a href='https:\/\/archive.sana.sy\/tr\/wp-content\/uploads\/2023\/04\/\u0645\u0628\u0627\u062d\u062b\u0627\u062a-\u0633\u0648\u0631\u064a\u0629-\u0625\u064a\u0631\u0627\u0646\u064a\u0629.jpeg'><img loading=\"lazy\" decoding=\"async\" width=\"660\" height=\"405\" src=\"https:\/\/archive.sana.sy\/tr\/wp-content\/uploads\/2023\/04\/\u0645\u0628\u0627\u062d\u062b\u0627\u062a-\u0633\u0648\u0631\u064a\u0629-\u0625\u064a\u0631\u0627\u0646\u064a\u0629.jpeg\" class=\"attachment-full size-full\" alt=\"\" srcset=\"https:\/\/archive.sana.sy\/tr\/wp-content\/uploads\/2023\/04\/\u0645\u0628\u0627\u062d\u062b\u0627\u062a-\u0633\u0648\u0631\u064a\u0629-\u0625\u064a\u0631\u0627\u0646\u064a\u0629.jpeg 660w, https:\/\/archive.sana.sy\/tr\/wp-content\/uploads\/2023\/04\/\u0645\u0628\u0627\u062d\u062b\u0627\u062a-\u0633\u0648\u0631\u064a\u0629-\u0625\u064a\u0631\u0627\u0646\u064a\u0629-300x184.jpeg 300w\" sizes=\"auto, (max-width: 660px) 100vw, 660px\" \/><\/a>\n\t\t\t<\/div><\/figure>\n\t\t<\/div>\n\n<p><a href=\"https:\/\/t.me\/SuriyeArapHaberAjansI\">Telegram Kanal\u0131m\u0131z\u00a0<\/a><\/p>\n<p><a href=\"https:\/\/www.facebook.com\/SANAHaberAjansi\/\">Facebook Sayfam\u0131z<\/a><\/p>\n","protected":false},"excerpt":{"rendered":"<p>MOSKOVA \u2013D\u0131\u015fi\u015fleri ve Gurbet\u00e7iler Bakan Yard\u0131mc\u0131s\u0131 Dr. Eymen Sosan, \u0130ran D\u0131\u015fi\u015fleri Bakan\u0131 \u00d6zel Siyasi \u0130\u015flerden Sorumlu K\u0131demli Yard\u0131mc\u0131s\u0131 Ali Asghar Khaji ile Moskova&#8217;da bir araya geldi. G\u00f6r\u00fc\u015fmede, iki taraf aras\u0131ndaki ortak koordinasyon \u0131\u015f\u0131\u011f\u0131nda Suriye, Rusya, \u0130ran ve T\u00fcrkiye d\u0131\u015fi\u015fleri bakan yard\u0131mc\u0131lar\u0131n\u0131n d\u00f6rtl\u00fc toplant\u0131s\u0131na ili\u015fkin hususlar ele al\u0131nd\u0131. Suriye&#8217;nin egemenli\u011fine, birli\u011fine ve toprak b\u00fct\u00fcnl\u00fc\u011f\u00fcne sayg\u0131n\u0131n vurgulanmas\u0131 &hellip;<\/p>\n","protected":false},"author":39,"featured_media":278021,"comment_status":"closed","ping_status":"closed","sticky":false,"template":"","format":"standard","meta":{"footnotes":""},"categories":[458,459,17988],"tags":[],"class_list":["post-278019","post","type-post","status-publish","format-standard","has-post-thumbnail","","category-dunya1","category-haberler-arap-uluslararasi-politika","category-son-haberler"],"_links":{"self":[{"href":"https:\/\/archive.sana.sy\/tr\/index.php?rest_route=\/wp\/v2\/posts\/278019","targetHints":{"allow":["GET"]}}],"collection":[{"href":"https:\/\/archive.sana.sy\/tr\/index.php?rest_route=\/wp\/v2\/posts"}],"about":[{"href":"https:\/\/archive.sana.sy\/tr\/index.php?rest_route=\/wp\/v2\/types\/post"}],"author":[{"embeddable":true,"href":"https:\/\/archive.sana.sy\/tr\/index.php?rest_route=\/wp\/v2\/users\/39"}],"replies":[{"embeddable":true,"href":"https:\/\/archive.sana.sy\/tr\/index.php?rest_route=%2Fwp%2Fv2%2Fcomments&post=278019"}],"version-history":[{"count":0,"href":"https:\/\/archive.sana.sy\/tr\/index.php?rest_route=\/wp\/v2\/posts\/278019\/revisions"}],"wp:featuredmedia":[{"embeddable":true,"href":"https:\/\/archive.sana.sy\/tr\/index.php?rest_route=\/wp\/v2\/media\/278021"}],"wp:attachment":[{"href":"https:\/\/archive.sana.sy\/tr\/index.php?rest_route=%2Fwp%2Fv2%2Fmedia&parent=278019"}],"wp:term":[{"taxonomy":"category","embeddable":true,"href":"https:\/\/archive.sana.sy\/tr\/index.php?rest_route=%2Fwp%2Fv2%2Fcategories&post=278019"},{"taxonomy":"post_tag","embeddable":true,"href":"https:\/\/archive.sana.sy\/tr\/index.php?rest_route=%2Fwp%2Fv2%2Ftags&post=278019"}],"curies":[{"name":"wp","href":"https:\/\/api.w.org\/{rel}","templated":true}]}}