{"id":278034,"date":"2023-04-02T20:00:10","date_gmt":"2023-04-02T17:00:10","guid":{"rendered":"https:\/\/sana.sy\/tr\/?p=278034"},"modified":"2023-04-06T09:15:52","modified_gmt":"2023-04-06T06:15:52","slug":"hamada-mayinin-patlamasi-sonucu-2-vatandas-sehit-dustu","status":"publish","type":"post","link":"https:\/\/archive.sana.sy\/tr\/?p=278034","title":{"rendered":"Hama&#8217;da May\u0131n\u0131n Patlamas\u0131 Sonucu 2 Vatanda\u015f \u015eehit d\u00fc\u015ft\u00fc"},"content":{"rendered":"<p><strong>HAMA<\/strong> \u2013 Hama&#8217;n\u0131n do\u011fu k\u0131rsal\u0131ndaki Selemiye b\u00f6lgesinde I\u015e\u0130D&#8217;li ter\u00f6ristlerin geride b\u0131rakt\u0131\u011f\u0131 bir may\u0131n\u0131n patlamas\u0131 sonucu 2 vatanda\u015f \u015fehit d\u00fc\u015ft\u00fc.<\/p>\n<p>SANA&#8217;n\u0131n Hama muhabiri, Hama k\u0131rsal\u0131ndaki Selemiye kentinin g\u00fcneydo\u011fusundaki Duyzin b\u00f6lgesi arazilerinde \u0130\u015e\u0130D&#8217;li ter\u00f6ristlerin geride b\u0131rakt\u0131\u011f\u0131 bir may\u0131n\u0131n patlayarak 2 vatanda\u015f\u0131n \u015fehit d\u00fc\u015ft\u00fc\u011f\u00fcn\u00fc belirtti.<\/p>\n<p><a href=\"https:\/\/t.me\/SuriyeArapHaberAjansI\">Telegram Kanal\u0131m\u0131z\u00a0<\/a><\/p>\n<p><a href=\"https:\/\/www.facebook.com\/SANAHaberAjansi\/\">Facebook Sayfam\u0131z<\/a><\/p>\n","protected":false},"excerpt":{"rendered":"<p>HAMA \u2013 Hama&#8217;n\u0131n do\u011fu k\u0131rsal\u0131ndaki Selemiye b\u00f6lgesinde I\u015e\u0130D&#8217;li ter\u00f6ristlerin geride b\u0131rakt\u0131\u011f\u0131 bir may\u0131n\u0131n patlamas\u0131 sonucu 2 vatanda\u015f \u015fehit d\u00fc\u015ft\u00fc. SANA&#8217;n\u0131n Hama muhabiri, Hama k\u0131rsal\u0131ndaki Selemiye kentinin g\u00fcneydo\u011fusundaki Duyzin b\u00f6lgesi arazilerinde \u0130\u015e\u0130D&#8217;li ter\u00f6ristlerin geride b\u0131rakt\u0131\u011f\u0131 bir may\u0131n\u0131n patlayarak 2 vatanda\u015f\u0131n \u015fehit d\u00fc\u015ft\u00fc\u011f\u00fcn\u00fc belirtti. Telegram Kanal\u0131m\u0131z\u00a0 Facebook Sayfam\u0131z<\/p>\n","protected":false},"author":39,"featured_media":278035,"comment_status":"closed","ping_status":"closed","sticky":false,"template":"","format":"standard","meta":{"footnotes":""},"categories":[479,575,17988,478],"tags":[],"class_list":["post-278034","post","type-post","status-publish","format-standard","has-post-thumbnail","","category-haberler-yerel","category-olaylar-ve-gercekler","category-son-haberler","category-yerel"],"_links":{"self":[{"href":"https:\/\/archive.sana.sy\/tr\/index.php?rest_route=\/wp\/v2\/posts\/278034","targetHints":{"allow":["GET"]}}],"collection":[{"href":"https:\/\/archive.sana.sy\/tr\/index.php?rest_route=\/wp\/v2\/posts"}],"about":[{"href":"https:\/\/archive.sana.sy\/tr\/index.php?rest_route=\/wp\/v2\/types\/post"}],"author":[{"embeddable":true,"href":"https:\/\/archive.sana.sy\/tr\/index.php?rest_route=\/wp\/v2\/users\/39"}],"replies":[{"embeddable":true,"href":"https:\/\/archive.sana.sy\/tr\/index.php?rest_route=%2Fwp%2Fv2%2Fcomments&post=278034"}],"version-history":[{"count":0,"href":"https:\/\/archive.sana.sy\/tr\/index.php?rest_route=\/wp\/v2\/posts\/278034\/revisions"}],"wp:featuredmedia":[{"embeddable":true,"href":"https:\/\/archive.sana.sy\/tr\/index.php?rest_route=\/wp\/v2\/media\/278035"}],"wp:attachment":[{"href":"https:\/\/archive.sana.sy\/tr\/index.php?rest_route=%2Fwp%2Fv2%2Fmedia&parent=278034"}],"wp:term":[{"taxonomy":"category","embeddable":true,"href":"https:\/\/archive.sana.sy\/tr\/index.php?rest_route=%2Fwp%2Fv2%2Fcategories&post=278034"},{"taxonomy":"post_tag","embeddable":true,"href":"https:\/\/archive.sana.sy\/tr\/index.php?rest_route=%2Fwp%2Fv2%2Ftags&post=278034"}],"curies":[{"name":"wp","href":"https:\/\/api.w.org\/{rel}","templated":true}]}}