{"id":278037,"date":"2023-04-03T14:57:44","date_gmt":"2023-04-03T11:57:44","guid":{"rendered":"http:\/\/sana.sy\/tr\/?p=278037"},"modified":"2023-04-04T10:41:24","modified_gmt":"2023-04-04T07:41:24","slug":"moskovada-suriye-ve-rusya-heyetleri-arasindaki-gorusmeler-basladi","status":"publish","type":"post","link":"https:\/\/archive.sana.sy\/tr\/?p=278037","title":{"rendered":"Susan&#8217;dan Bogdanov&#8217;a: Suriye Topraklar\u0131ndaki Yasad\u0131\u015f\u0131 T\u00fcrk Varl\u0131\u011f\u0131na Son Verilmesi Ve Suriye&#8217;nin \u0130\u00e7 \u0130\u015flerine Kar\u0131\u015fmamas\u0131 Gerekiyor"},"content":{"rendered":"<p><strong>MOSKOVA<\/strong> &#8211; Moskova&#8217;da D\u0131\u015fi\u015fleri ve Gurbet\u00e7iler Bakan Yard\u0131mc\u0131s\u0131 Ayman Susan, Rusya Devlet Ba\u015fkan\u0131 \u00d6zel <img loading=\"lazy\" decoding=\"async\" class=\"size-full wp-image-278076 alignright\" src=\"http:\/\/sana.sy\/tr\/wp-content\/uploads\/2023\/04\/1-4.jpg\" alt=\"\" width=\"300\" height=\"192\" \/>Temsilcisi ve D\u0131\u015fi\u015fleri Bakan Yard\u0131mc\u0131s\u0131 Mihail Bogdanov ile Rusya D\u0131\u015fi\u015fleri Bakanl\u0131\u011f\u0131&#8217;n\u0131n Moskova&#8217;daki karargah\u0131nda bir araya geldi.<\/p>\n<p>G\u00f6r\u00fc\u015fmede, yar\u0131n yap\u0131lacak Suriye, Rusya, \u0130ran ve T\u00fcrkiye d\u0131\u015fi\u015fleri bakan yard\u0131mc\u0131lar\u0131n\u0131n d\u00f6rtl\u00fc toplant\u0131s\u0131na ili\u015fkin iki taraf aras\u0131nda isti\u015fare ve koordinasyon ger\u00e7ekle\u015ftirildi.<\/p>\n<p>Dr. Susan, Suriye topraklar\u0131ndaki yasad\u0131\u015f\u0131 T\u00fcrk varl\u0131\u011f\u0131na son verilmesi, Suriye&#8217;nin i\u00e7 i\u015flerine kar\u0131\u015fmamas\u0131 ve ter\u00f6r\u00fcn her t\u00fcrl\u00fcs\u00fcne kar\u015f\u0131 m\u00fccadele edilmesi gerekti\u011fini vurgulad\u0131.<\/p>\n<p>Buna kar\u015f\u0131l\u0131k Bogdanov, \u00fclkesinin Suriye&#8217;nin egemenli\u011fine, birli\u011fine ve toprak b\u00fct\u00fcnl\u00fc\u011f\u00fcne sayg\u0131 g\u00f6sterilmesini <img loading=\"lazy\" decoding=\"async\" class=\"size-full wp-image-278077 alignright\" src=\"http:\/\/sana.sy\/tr\/wp-content\/uploads\/2023\/04\/2-4.jpg\" alt=\"\" width=\"300\" height=\"184\" \/>sa\u011flamak i\u00e7in \u00e7al\u0131\u015fmaya devam etme tutumunu yeniledi.<\/p>\n<p>Toplant\u0131ya Suriye ve Rusya delegasyonlar\u0131n\u0131n \u00fcyeleri kat\u0131ld\u0131.<\/p>\n<p>Susan ayr\u0131ca, \u0130ran d\u0131\u015fi\u015fleri bakan\u0131n\u0131n \u00f6zel siyasi i\u015flerden sorumlu k\u0131demli yard\u0131mc\u0131s\u0131 Ali As\u011far Haci ile de bir araya geldi. G\u00f6r\u00fc\u015fmede, iki taraf aras\u0131ndaki ortak koordinasyon \u0131\u015f\u0131\u011f\u0131nda Suriye, Rusya, \u0130ran ve T\u00fcrkiye d\u0131\u015fi\u015fleri bakan yard\u0131mc\u0131lar\u0131n\u0131n d\u00f6rtl\u00fc toplant\u0131s\u0131na ili\u015fkin hususlar ele al\u0131nd\u0131.<\/p>\n<p>Suriye&#8217;nin egemenli\u011fine, birli\u011fine ve toprak b\u00fct\u00fcnl\u00fc\u011f\u00fcne sayg\u0131n\u0131n vurgulanmas\u0131 ve Suriye topraklar\u0131ndaki yasad\u0131\u015f\u0131 T\u00fcrk varl\u0131\u011f\u0131n\u0131n sona erdirilmesi konusunda g\u00f6r\u00fc\u015fler ayn\u0131yd\u0131.<\/p>\n<p><img loading=\"lazy\" decoding=\"async\" class=\"size-full wp-image-278078 alignright\" src=\"http:\/\/sana.sy\/tr\/wp-content\/uploads\/2023\/04\/Untitled-1-copy-18-300x200-1.jpg\" alt=\"\" width=\"300\" height=\"200\" \/>G\u00f6r\u00fc\u015fmeye Suriye ve \u0130ran heyetlerinin \u00fcyeleri kat\u0131ld\u0131.<\/p>\n<p>\u0130lgili bir ba\u011flamda As\u011fari Haci, Bogdanov ile Suriye ve b\u00f6lgedeki son geli\u015fmeleri g\u00f6r\u00fc\u015ft\u00fc.<\/p>\n<p>\u0130ki taraf, \u015eam ile Ankara aras\u0131ndaki mevcut sorunlar\u0131n uluslararas\u0131 hukuk ve kurallar ve iyi kom\u015fuluk ilkesi temelinde bar\u0131\u015f\u00e7\u0131l yollarla ve siyasi g\u00f6r\u00fc\u015fmeler yoluyla \u00e7\u00f6z\u00fclmesi gerekti\u011fini vurgulad\u0131.<\/p>\n<p>Susan ba\u015fkanl\u0131\u011f\u0131ndaki Suriye Arap Cumhuriyeti heyeti, d\u00f6rtl\u00fc toplant\u0131ya kat\u0131lmak \u00fczere d\u00fcn Moskova&#8217;ya geldi.\u00a0 Ger\u00e7ekle\u015ftirilecek g\u00f6r\u00fc\u015fmede, \u00f6zellikle Suriye topraklar\u0131ndaki T\u00fcrk askeri varl\u0131\u011f\u0131n\u0131n sona erdirilmesi, ter\u00f6rle m\u00fccadele ve Suriye&#8217;nin i\u00e7i\u015flerine kar\u0131\u015fmamaya odaklan\u0131lacak.<\/p>\n<div id='gallery-1' class='gallery galleryid-278037 gallery-columns-2 gallery-size-medium'><figure class='gallery-item'>\n\t\t\t<div class='gallery-icon landscape'>\n\t\t\t\t<a href='https:\/\/archive.sana.sy\/tr\/?attachment_id=278079'><img loading=\"lazy\" decoding=\"async\" width=\"300\" height=\"185\" src=\"https:\/\/archive.sana.sy\/tr\/wp-content\/uploads\/2023\/04\/2222222222-1-300x185.jpg\" class=\"attachment-medium size-medium\" alt=\"\" srcset=\"https:\/\/archive.sana.sy\/tr\/wp-content\/uploads\/2023\/04\/2222222222-1-300x185.jpg 300w, https:\/\/archive.sana.sy\/tr\/wp-content\/uploads\/2023\/04\/2222222222-1.jpg 660w\" sizes=\"auto, (max-width: 300px) 100vw, 300px\" \/><\/a>\n\t\t\t<\/div><\/figure><figure class='gallery-item'>\n\t\t\t<div class='gallery-icon landscape'>\n\t\t\t\t<a href='https:\/\/archive.sana.sy\/tr\/?attachment_id=278080'><img loading=\"lazy\" decoding=\"async\" width=\"300\" height=\"190\" src=\"https:\/\/archive.sana.sy\/tr\/wp-content\/uploads\/2023\/04\/111111111-300x190.jpg\" class=\"attachment-medium size-medium\" alt=\"\" srcset=\"https:\/\/archive.sana.sy\/tr\/wp-content\/uploads\/2023\/04\/111111111-300x190.jpg 300w, https:\/\/archive.sana.sy\/tr\/wp-content\/uploads\/2023\/04\/111111111.jpg 660w\" sizes=\"auto, (max-width: 300px) 100vw, 300px\" \/><\/a>\n\t\t\t<\/div><\/figure>\n\t\t<\/div>\n\n<p>R.M.<\/p>\n<p><a href=\"https:\/\/t.me\/SuriyeArapHaberAjansI\">Telegram Kanal\u0131m\u0131z\u00a0<\/a><\/p>\n<p><a href=\"https:\/\/www.facebook.com\/SANAHaberAjansi\/\">Facebook Sayfam\u0131z<\/a><\/p>\n","protected":false},"excerpt":{"rendered":"<p>MOSKOVA &#8211; Moskova&#8217;da D\u0131\u015fi\u015fleri ve Gurbet\u00e7iler Bakan Yard\u0131mc\u0131s\u0131 Ayman Susan, Rusya Devlet Ba\u015fkan\u0131 \u00d6zel Temsilcisi ve D\u0131\u015fi\u015fleri Bakan Yard\u0131mc\u0131s\u0131 Mihail Bogdanov ile Rusya D\u0131\u015fi\u015fleri Bakanl\u0131\u011f\u0131&#8217;n\u0131n Moskova&#8217;daki karargah\u0131nda bir araya geldi. G\u00f6r\u00fc\u015fmede, yar\u0131n yap\u0131lacak Suriye, Rusya, \u0130ran ve T\u00fcrkiye d\u0131\u015fi\u015fleri bakan yard\u0131mc\u0131lar\u0131n\u0131n d\u00f6rtl\u00fc toplant\u0131s\u0131na ili\u015fkin iki taraf aras\u0131nda isti\u015fare ve koordinasyon ger\u00e7ekle\u015ftirildi. Dr. Susan, Suriye topraklar\u0131ndaki &hellip;<\/p>\n","protected":false},"author":41,"featured_media":278038,"comment_status":"closed","ping_status":"closed","sticky":false,"template":"","format":"standard","meta":{"footnotes":""},"categories":[458,459,17988],"tags":[],"class_list":["post-278037","post","type-post","status-publish","format-standard","has-post-thumbnail","","category-dunya1","category-haberler-arap-uluslararasi-politika","category-son-haberler"],"_links":{"self":[{"href":"https:\/\/archive.sana.sy\/tr\/index.php?rest_route=\/wp\/v2\/posts\/278037","targetHints":{"allow":["GET"]}}],"collection":[{"href":"https:\/\/archive.sana.sy\/tr\/index.php?rest_route=\/wp\/v2\/posts"}],"about":[{"href":"https:\/\/archive.sana.sy\/tr\/index.php?rest_route=\/wp\/v2\/types\/post"}],"author":[{"embeddable":true,"href":"https:\/\/archive.sana.sy\/tr\/index.php?rest_route=\/wp\/v2\/users\/41"}],"replies":[{"embeddable":true,"href":"https:\/\/archive.sana.sy\/tr\/index.php?rest_route=%2Fwp%2Fv2%2Fcomments&post=278037"}],"version-history":[{"count":0,"href":"https:\/\/archive.sana.sy\/tr\/index.php?rest_route=\/wp\/v2\/posts\/278037\/revisions"}],"wp:featuredmedia":[{"embeddable":true,"href":"https:\/\/archive.sana.sy\/tr\/index.php?rest_route=\/wp\/v2\/media\/278038"}],"wp:attachment":[{"href":"https:\/\/archive.sana.sy\/tr\/index.php?rest_route=%2Fwp%2Fv2%2Fmedia&parent=278037"}],"wp:term":[{"taxonomy":"category","embeddable":true,"href":"https:\/\/archive.sana.sy\/tr\/index.php?rest_route=%2Fwp%2Fv2%2Fcategories&post=278037"},{"taxonomy":"post_tag","embeddable":true,"href":"https:\/\/archive.sana.sy\/tr\/index.php?rest_route=%2Fwp%2Fv2%2Ftags&post=278037"}],"curies":[{"name":"wp","href":"https:\/\/api.w.org\/{rel}","templated":true}]}}