{"id":278040,"date":"2023-04-03T14:00:57","date_gmt":"2023-04-03T11:00:57","guid":{"rendered":"http:\/\/sana.sy\/tr\/?p=278040"},"modified":"2023-04-06T09:14:07","modified_gmt":"2023-04-06T06:14:07","slug":"peskov-kiev-rejimi-teroru-destekliyor-bu-yuzden-rusya-askeri-operasyonlarini-baslatti","status":"publish","type":"post","link":"https:\/\/archive.sana.sy\/tr\/?p=278040","title":{"rendered":"Peskov: Kiev Rejimi Ter\u00f6r\u00fc Destekliyor, Bu Y\u00fczden Rusya Askeri Operasyonlar\u0131n\u0131 Ba\u015flatt\u0131"},"content":{"rendered":"<p><strong>MOSKOVA<\/strong> &#8211; Rusya cumhurba\u015fkanl\u0131\u011f\u0131 s\u00f6zc\u00fcs\u00fc Dmitry Peskov, Kiev rejiminin 2014&#8217;ten bu yana sava\u015f muhabiri Vladlin Tatarsky ve di\u011ferlerinin \u00f6ld\u00fcr\u00fclmesinin arkas\u0131nda durarak ter\u00f6r\u00fc destekledi\u011fini do\u011frulad\u0131.<\/p>\n<p>Sputnik, Peskov&#8217;un bug\u00fcn gazetecilere, \u2018\u2019Rusya, Daria Dugina ve Vladlen Tatarsky suikastlar\u0131n\u0131n arkas\u0131nda ter\u00f6r\u00fc destekleyen Kiev rejimiyle kar\u015f\u0131 kar\u015f\u0131ya geldi. Y\u0131llard\u0131r, 2014&#8217;ten bu yana cinayetlerin arkas\u0131nda bir rejim var ve bu nedenle bu ter\u00f6re kar\u015f\u0131 Rus \u00f6zel askeri harekat\u0131 yap\u0131l\u0131yor.\u2019\u2019 dedi\u011fini aktard.<\/p>\n<p>Peskov ayr\u0131ca, \u00a0\u2018\u2019Rus Ulusal Ter\u00f6rle M\u00fccadele Komitesi&#8217;nin a\u00e7\u0131klamas\u0131na g\u00f6re, Ukrayna \u00f6zel servislerinin Tatarsky suikast\u0131n\u0131n planlanmas\u0131na kar\u0131\u015fm\u0131\u015f olabilece\u011fine dair kan\u0131tlar var.\u2019\u2019 ifadelerini kulland\u0131.<\/p>\n<p>&nbsp;<\/p>\n<p>R.M.<\/p>\n<p><a href=\"https:\/\/t.me\/SuriyeArapHaberAjansI\">Telegram Kanal\u0131m\u0131z\u00a0<\/a><\/p>\n<p><a href=\"https:\/\/www.facebook.com\/SANAHaberAjansi\/\">Facebook Sayfam\u0131z<\/a><\/p>\n","protected":false},"excerpt":{"rendered":"<p>MOSKOVA &#8211; Rusya cumhurba\u015fkanl\u0131\u011f\u0131 s\u00f6zc\u00fcs\u00fc Dmitry Peskov, Kiev rejiminin 2014&#8217;ten bu yana sava\u015f muhabiri Vladlin Tatarsky ve di\u011ferlerinin \u00f6ld\u00fcr\u00fclmesinin arkas\u0131nda durarak ter\u00f6r\u00fc destekledi\u011fini do\u011frulad\u0131. Sputnik, Peskov&#8217;un bug\u00fcn gazetecilere, \u2018\u2019Rusya, Daria Dugina ve Vladlen Tatarsky suikastlar\u0131n\u0131n arkas\u0131nda ter\u00f6r\u00fc destekleyen Kiev rejimiyle kar\u015f\u0131 kar\u015f\u0131ya geldi. Y\u0131llard\u0131r, 2014&#8217;ten bu yana cinayetlerin arkas\u0131nda bir rejim var ve bu nedenle &hellip;<\/p>\n","protected":false},"author":41,"featured_media":278041,"comment_status":"closed","ping_status":"closed","sticky":false,"template":"","format":"standard","meta":{"footnotes":""},"categories":[458,459,17988],"tags":[],"class_list":["post-278040","post","type-post","status-publish","format-standard","has-post-thumbnail","","category-dunya1","category-haberler-arap-uluslararasi-politika","category-son-haberler"],"_links":{"self":[{"href":"https:\/\/archive.sana.sy\/tr\/index.php?rest_route=\/wp\/v2\/posts\/278040","targetHints":{"allow":["GET"]}}],"collection":[{"href":"https:\/\/archive.sana.sy\/tr\/index.php?rest_route=\/wp\/v2\/posts"}],"about":[{"href":"https:\/\/archive.sana.sy\/tr\/index.php?rest_route=\/wp\/v2\/types\/post"}],"author":[{"embeddable":true,"href":"https:\/\/archive.sana.sy\/tr\/index.php?rest_route=\/wp\/v2\/users\/41"}],"replies":[{"embeddable":true,"href":"https:\/\/archive.sana.sy\/tr\/index.php?rest_route=%2Fwp%2Fv2%2Fcomments&post=278040"}],"version-history":[{"count":0,"href":"https:\/\/archive.sana.sy\/tr\/index.php?rest_route=\/wp\/v2\/posts\/278040\/revisions"}],"wp:featuredmedia":[{"embeddable":true,"href":"https:\/\/archive.sana.sy\/tr\/index.php?rest_route=\/wp\/v2\/media\/278041"}],"wp:attachment":[{"href":"https:\/\/archive.sana.sy\/tr\/index.php?rest_route=%2Fwp%2Fv2%2Fmedia&parent=278040"}],"wp:term":[{"taxonomy":"category","embeddable":true,"href":"https:\/\/archive.sana.sy\/tr\/index.php?rest_route=%2Fwp%2Fv2%2Fcategories&post=278040"},{"taxonomy":"post_tag","embeddable":true,"href":"https:\/\/archive.sana.sy\/tr\/index.php?rest_route=%2Fwp%2Fv2%2Ftags&post=278040"}],"curies":[{"name":"wp","href":"https:\/\/api.w.org\/{rel}","templated":true}]}}