{"id":278047,"date":"2023-04-03T15:39:02","date_gmt":"2023-04-03T12:39:02","guid":{"rendered":"http:\/\/sana.sy\/tr\/?p=278047"},"modified":"2023-04-06T09:14:14","modified_gmt":"2023-04-06T06:14:14","slug":"amerikan-isgali-ve-milisler-sdg-suriyedeki-cezire-ve-rakkadaki-eski-eser-hirsizligini-yogunlastiriyor","status":"publish","type":"post","link":"https:\/\/archive.sana.sy\/tr\/?p=278047","title":{"rendered":"Amerikan \u0130\u015fgali Ve Milisler (SDG), Suriye&#8217;deki Cezire ve Rakka&#8217;daki Eski Eser H\u0131rs\u0131zl\u0131\u011f\u0131n\u0131 Yo\u011funla\u015ft\u0131r\u0131yor"},"content":{"rendered":"<p><strong>\u015eAM<\/strong> \u00a0&#8211; Amerikan i\u015fgal g\u00fc\u00e7lerinin konu\u015fland\u0131r\u0131ld\u0131\u011f\u0131 b\u00f6lgelerde, ona ba\u011fl\u0131 \u201cSDG\u201d milisleriyle i\u015fbirli\u011fi i\u00e7inde, antik eserler i\u00e7in yap\u0131lan kaz\u0131lar\u0131n yo\u011funla\u015fmas\u0131na, bunlar\u0131n ya\u011fmalanmas\u0131na ve yurtd\u0131\u015f\u0131na ka\u00e7\u0131r\u0131lmas\u0131na tan\u0131k oldu.<\/p>\n<p>Kam\u0131\u015fl\u0131&#8217;n\u0131n bat\u0131 k\u0131rsal\u0131nda, Yerel kaynaklar SANA&#8217;ya, &#8220;2014 y\u0131l\u0131ndan bu yana Amuda&#8217;n\u0131n g\u00fcneyindeki Tel Muvazin taraf\u0131nda konu\u015flanm\u0131\u015f olan Amerikan i\u015fgal g\u00fc\u00e7lerinin, &#8220;Kasd&#8221; milisleriyle i\u015fbirli\u011fi i\u00e7inde yasak askeri b\u00f6lge olarak g\u00f6rd\u00fckleri b\u00f6lgeleri geni\u015fletti\u011fini vurgulad\u0131.<\/p>\n<p>Bu g\u00fc\u00e7ler, Tel Muvazin\u2019den \u00e7ald\u0131klar\u0131 arkeolojik buluntular\u0131n \u00e7\u0131kar\u0131lmas\u0131n\u0131 kolayla\u015ft\u0131rmak i\u00e7in b\u00f6lgeyi s\u0131k\u0131 g\u00fcvenlik \u00f6nlemlerine tabi tuttular ve onlar\u0131 \u00fclke d\u0131\u015f\u0131na ka\u00e7\u0131rarak bilinmeyen yerlere g\u00f6t\u00fcrd\u00fcler.<\/p>\n<p>Bu i\u015fgalci g\u00fc\u00e7lerin \u015fu menfur eylemleriyle, \u00a0uzun bir g\u00fcnl\u00fck i\u015fgal su\u00e7lar\u0131 dizisine Suriye medeniyetinin eski eserlerini \u00e7alma ve tarihi \u00f6zelliklerini yok etme su\u00e7unu da eklemi\u015f bulunmaktad\u0131r.<\/p>\n<p>Kaynaklar, \u00a0\u201cAmerikan i\u015fgal g\u00fc\u00e7leri, milislerle i\u015fbirli\u011fi i\u00e7inde, Tel Bedir, Himma b\u00f6lgesi, Tel Muzin ve Kam\u0131\u015fl\u0131&#8217;n\u0131n do\u011fu k\u0131rsal\u0131ndaki baz\u0131 tepeler gibi d\u00fcnyan\u0131n en \u00f6nemli arkeolojik alanlar\u0131 aras\u0131nda yer alan arkeolojik alanlar\u0131 ele ge\u00e7iriyor. \u00a0Onlar ayr\u0131ca Kaz\u0131lar yap\u0131yor, arkeolojik buluntular\u0131 \u00e7al\u0131yor ve b\u00f6lgeden ka\u00e7\u0131r\u0131yor.\u2019\u2019 ifadelerini s\u00f6zlerine ekledi.<\/p>\n<p>Kam\u0131\u015fl\u0131&#8217;n\u0131n do\u011fu k\u0131rsal\u0131ndaki El Kahtaniye kasabas\u0131nda yerel kaynaklar, &#8220;Amerikan i\u015fgal g\u00fc\u00e7lerinin, Muhammed al-Dhiab k\u00f6y\u00fcnden ve arkeolojik Leylan tepesinden arkeolojik buluntu gruplar\u0131n\u0131 \u00fclke d\u0131\u015f\u0131na ka\u00e7\u0131rmak i\u00e7in Haseke k\u0131rsal\u0131ndaki yasad\u0131\u015f\u0131 \u00fcslerine nakletti\u011fini&#8221; belirtti.<\/p>\n<p>Ayn\u0131 kaynaklar, &#8220;SDG&#8221; milislerine ba\u011fl\u0131 s\u00f6zde &#8220;El Sanadid&#8221;in silahl\u0131 adamlar\u0131n\u0131n, El Yarubiyah k\u0131rsal\u0131ndaki Kasruk k\u00f6y\u00fcnden nadide bir heykel olan arkeolojik buluntulardan birini \u00e7ald\u0131\u011f\u0131n\u0131 bilinmeyen bir yere aktard\u0131\u011f\u0131n\u0131 vurgulad\u0131.<\/p>\n<p>Amerikan i\u015fgal g\u00fc\u00e7leri ve \u201cSDG\u201d milisleri, Kam\u0131\u015fl\u0131 k\u0131rsal\u0131ndaki Kahtaniye ve Amuda kasabalar\u0131 da dahil olmak \u00fczere Rakka ve Haseke vilayetlerinde kontrol ettikleri b\u00f6lgelerde eski eserleri kazmaya devam ediyor.<\/p>\n<p>&nbsp;<\/p>\n<p>R.M.<\/p>\n<p><a href=\"https:\/\/t.me\/SuriyeArapHaberAjansI\">Telegram Kanal\u0131m\u0131z\u00a0<\/a><\/p>\n<p><a href=\"https:\/\/www.facebook.com\/SANAHaberAjansi\/\">Facebook Sayfam\u0131z<\/a><\/p>\n","protected":false},"excerpt":{"rendered":"<p>\u015eAM \u00a0&#8211; Amerikan i\u015fgal g\u00fc\u00e7lerinin konu\u015fland\u0131r\u0131ld\u0131\u011f\u0131 b\u00f6lgelerde, ona ba\u011fl\u0131 \u201cSDG\u201d milisleriyle i\u015fbirli\u011fi i\u00e7inde, antik eserler i\u00e7in yap\u0131lan kaz\u0131lar\u0131n yo\u011funla\u015fmas\u0131na, bunlar\u0131n ya\u011fmalanmas\u0131na ve yurtd\u0131\u015f\u0131na ka\u00e7\u0131r\u0131lmas\u0131na tan\u0131k oldu. Kam\u0131\u015fl\u0131&#8217;n\u0131n bat\u0131 k\u0131rsal\u0131nda, Yerel kaynaklar SANA&#8217;ya, &#8220;2014 y\u0131l\u0131ndan bu yana Amuda&#8217;n\u0131n g\u00fcneyindeki Tel Muvazin taraf\u0131nda konu\u015flanm\u0131\u015f olan Amerikan i\u015fgal g\u00fc\u00e7lerinin, &#8220;Kasd&#8221; milisleriyle i\u015fbirli\u011fi i\u00e7inde yasak askeri b\u00f6lge olarak g\u00f6rd\u00fckleri &hellip;<\/p>\n","protected":false},"author":41,"featured_media":278048,"comment_status":"closed","ping_status":"closed","sticky":false,"template":"","format":"standard","meta":{"footnotes":""},"categories":[479,575,17988,478],"tags":[],"class_list":["post-278047","post","type-post","status-publish","format-standard","has-post-thumbnail","","category-haberler-yerel","category-olaylar-ve-gercekler","category-son-haberler","category-yerel"],"_links":{"self":[{"href":"https:\/\/archive.sana.sy\/tr\/index.php?rest_route=\/wp\/v2\/posts\/278047","targetHints":{"allow":["GET"]}}],"collection":[{"href":"https:\/\/archive.sana.sy\/tr\/index.php?rest_route=\/wp\/v2\/posts"}],"about":[{"href":"https:\/\/archive.sana.sy\/tr\/index.php?rest_route=\/wp\/v2\/types\/post"}],"author":[{"embeddable":true,"href":"https:\/\/archive.sana.sy\/tr\/index.php?rest_route=\/wp\/v2\/users\/41"}],"replies":[{"embeddable":true,"href":"https:\/\/archive.sana.sy\/tr\/index.php?rest_route=%2Fwp%2Fv2%2Fcomments&post=278047"}],"version-history":[{"count":0,"href":"https:\/\/archive.sana.sy\/tr\/index.php?rest_route=\/wp\/v2\/posts\/278047\/revisions"}],"wp:featuredmedia":[{"embeddable":true,"href":"https:\/\/archive.sana.sy\/tr\/index.php?rest_route=\/wp\/v2\/media\/278048"}],"wp:attachment":[{"href":"https:\/\/archive.sana.sy\/tr\/index.php?rest_route=%2Fwp%2Fv2%2Fmedia&parent=278047"}],"wp:term":[{"taxonomy":"category","embeddable":true,"href":"https:\/\/archive.sana.sy\/tr\/index.php?rest_route=%2Fwp%2Fv2%2Fcategories&post=278047"},{"taxonomy":"post_tag","embeddable":true,"href":"https:\/\/archive.sana.sy\/tr\/index.php?rest_route=%2Fwp%2Fv2%2Ftags&post=278047"}],"curies":[{"name":"wp","href":"https:\/\/api.w.org\/{rel}","templated":true}]}}