{"id":278050,"date":"2023-04-03T13:46:46","date_gmt":"2023-04-03T10:46:46","guid":{"rendered":"http:\/\/sana.sy\/tr\/?p=278050"},"modified":"2023-04-06T09:16:13","modified_gmt":"2023-04-06T06:16:13","slug":"iran-cumhurbaskani-yardimcisi-ana-stratejimiz-bolge-ulkeleriyle-iliskileri-gelistirmek","status":"publish","type":"post","link":"https:\/\/archive.sana.sy\/tr\/?p=278050","title":{"rendered":"\u0130ran Cumhurba\u015fkan\u0131 Yard\u0131mc\u0131s\u0131: Ana Stratejimiz B\u00f6lge \u00dclkeleriyle \u0130li\u015fkileri Geli\u015ftirmek"},"content":{"rendered":"<p><strong>TAHARAN<\/strong> &#8211; \u0130ran Cumhurba\u015fkan\u0131 Birinci Yard\u0131mc\u0131s\u0131 Muhammed Muhber, \u0130ran h\u00fck\u00fcmetinin temel stratejisinin b\u00f6lge \u00fclkeleriyle ili\u015fkileri geli\u015ftirmek ve geli\u015ftirmek oldu\u011funu vurguladi.<\/p>\n<p>Bir muhbir bug\u00fcn yapt\u0131\u011f\u0131 a\u00e7\u0131klamada, \u2018\u2019\u0130ran ile b\u00f6lge \u00fclkeleri aras\u0131nda yak\u0131nla\u015fma anlam\u0131nda ya\u015fananlar tesad\u00fcf de\u011fil, planl\u0131yd\u0131 ve do\u011fru zamanda olmas\u0131 gerekiyordu, \u015fimdi de \u00f6yle oluyor\u2019\u2019\u00a0 diyerek, kom\u015fu \u00fclkelerle m\u00fckemmel ili\u015fkiler kurman\u0131n Tahran&#8217;\u0131n ana stratejisinin bir par\u00e7as\u0131 oldu\u011funu ve bu konuda ilerlemeye devam edece\u011fini vurgulad\u0131.<\/p>\n<p>Myhber ayr\u0131ca, bir\u00e7ok Arap \u00fclkesinin \u0130ran&#8217;la ili\u015fkilerini geli\u015ftirmeye kararl\u0131 oldu\u011funa i\u015faret ederken, \u00a0Suudi Arabistan Kral\u0131 Selman bin Abd\u00fclaziz&#8217;in \u0130ran Cumhurba\u015fkan\u0131 \u0130brahim Raisi&#8217;yi Suudi Arabistan&#8217;\u0131 ziyaret etmeye davet etti\u011fini ve bu davete Reisi&#8217;nin olumlu yan\u0131t verdi\u011fini belirten bu durumun, iki taraf aras\u0131ndaki ili\u015fkilerin gidi\u015fat\u0131nda net bir ilerlemeye i\u015faret etti\u011fini kaydetti.<\/p>\n<p>&nbsp;<\/p>\n<p>R.M.<\/p>\n<p><a href=\"https:\/\/t.me\/SuriyeArapHaberAjansI\">Telegram Kanal\u0131m\u0131z\u00a0<\/a><\/p>\n<p><a href=\"https:\/\/www.facebook.com\/SANAHaberAjansi\/\">Facebook Sayfam\u0131z<\/a><\/p>\n","protected":false},"excerpt":{"rendered":"<p>TAHARAN &#8211; \u0130ran Cumhurba\u015fkan\u0131 Birinci Yard\u0131mc\u0131s\u0131 Muhammed Muhber, \u0130ran h\u00fck\u00fcmetinin temel stratejisinin b\u00f6lge \u00fclkeleriyle ili\u015fkileri geli\u015ftirmek ve geli\u015ftirmek oldu\u011funu vurguladi. Bir muhbir bug\u00fcn yapt\u0131\u011f\u0131 a\u00e7\u0131klamada, \u2018\u2019\u0130ran ile b\u00f6lge \u00fclkeleri aras\u0131nda yak\u0131nla\u015fma anlam\u0131nda ya\u015fananlar tesad\u00fcf de\u011fil, planl\u0131yd\u0131 ve do\u011fru zamanda olmas\u0131 gerekiyordu, \u015fimdi de \u00f6yle oluyor\u2019\u2019\u00a0 diyerek, kom\u015fu \u00fclkelerle m\u00fckemmel ili\u015fkiler kurman\u0131n Tahran&#8217;\u0131n ana stratejisinin bir &hellip;<\/p>\n","protected":false},"author":41,"featured_media":278051,"comment_status":"closed","ping_status":"closed","sticky":false,"template":"","format":"standard","meta":{"footnotes":""},"categories":[458,459,17988],"tags":[],"class_list":["post-278050","post","type-post","status-publish","format-standard","has-post-thumbnail","","category-dunya1","category-haberler-arap-uluslararasi-politika","category-son-haberler"],"_links":{"self":[{"href":"https:\/\/archive.sana.sy\/tr\/index.php?rest_route=\/wp\/v2\/posts\/278050","targetHints":{"allow":["GET"]}}],"collection":[{"href":"https:\/\/archive.sana.sy\/tr\/index.php?rest_route=\/wp\/v2\/posts"}],"about":[{"href":"https:\/\/archive.sana.sy\/tr\/index.php?rest_route=\/wp\/v2\/types\/post"}],"author":[{"embeddable":true,"href":"https:\/\/archive.sana.sy\/tr\/index.php?rest_route=\/wp\/v2\/users\/41"}],"replies":[{"embeddable":true,"href":"https:\/\/archive.sana.sy\/tr\/index.php?rest_route=%2Fwp%2Fv2%2Fcomments&post=278050"}],"version-history":[{"count":0,"href":"https:\/\/archive.sana.sy\/tr\/index.php?rest_route=\/wp\/v2\/posts\/278050\/revisions"}],"wp:featuredmedia":[{"embeddable":true,"href":"https:\/\/archive.sana.sy\/tr\/index.php?rest_route=\/wp\/v2\/media\/278051"}],"wp:attachment":[{"href":"https:\/\/archive.sana.sy\/tr\/index.php?rest_route=%2Fwp%2Fv2%2Fmedia&parent=278050"}],"wp:term":[{"taxonomy":"category","embeddable":true,"href":"https:\/\/archive.sana.sy\/tr\/index.php?rest_route=%2Fwp%2Fv2%2Fcategories&post=278050"},{"taxonomy":"post_tag","embeddable":true,"href":"https:\/\/archive.sana.sy\/tr\/index.php?rest_route=%2Fwp%2Fv2%2Ftags&post=278050"}],"curies":[{"name":"wp","href":"https:\/\/api.w.org\/{rel}","templated":true}]}}