{"id":278054,"date":"2023-04-03T16:18:53","date_gmt":"2023-04-03T13:18:53","guid":{"rendered":"http:\/\/sana.sy\/tr\/?p=278054"},"modified":"2023-04-05T11:20:17","modified_gmt":"2023-04-05T08:20:17","slug":"basbakan-arnus-samdaki-gorevinin-sona-ermesi-vesilesiyle-iranin-buyukelcisi-ile-gorustu","status":"publish","type":"post","link":"https:\/\/archive.sana.sy\/tr\/?p=278054","title":{"rendered":"Ba\u015fbakan Arnus, \u015eam&#8217;daki G\u00f6revinin Sona Ermesi Vesilesiyle \u0130ran&#8217;\u0131n B\u00fcy\u00fckel\u00e7isi \u0130le G\u00f6r\u00fc\u015ft\u00fc"},"content":{"rendered":"<p><strong>\u015eAM<\/strong> &#8211; Ba\u015fbakan H\u00fcseyin Arnous bug\u00fcn, \u00fclkesinin Suriye Arap Cumhuriyeti B\u00fcy\u00fckel\u00e7isi olarak g\u00f6revinin sona ermesi m\u00fcnasebetiyle \u0130ran&#8217;\u0131n \u015eam B\u00fcy\u00fckel\u00e7isi Mehdi Sobhani ile bir araya geldi.<\/p>\n<p>G\u00f6r\u00fc\u015fmede, ikili ili\u015fkilerin g\u00fcc\u00fc ve bu ili\u015fkileri g\u00fc\u00e7lendirecek, derinle\u015ftirecek ve ortak zorluklarla kar\u015f\u0131 kar\u015f\u0131ya olan iki dost halk ve \u00fclkenin \u00e7\u0131karlar\u0131na hizmet edecek \u015fekilde i\u015fbirli\u011fi i\u00e7in daha geni\u015f ufuklar a\u00e7ma gere\u011fi vurguland\u0131.<\/p>\n<p>Arnus g\u00f6r\u00fc\u015fmede \u0130ran liderli\u011fine, h\u00fck\u00fcmetine ve halk\u0131na, son depremden etkilenenlere sa\u011flad\u0131\u011f\u0131 insani yard\u0131ma ek olarak, Suriye&#8217;ye y\u00f6nelik ter\u00f6r sava\u015f\u0131 y\u0131llar\u0131nda Suriye halk\u0131na \u00e7e\u015fitli t\u00fcrlerde destek sa\u011flad\u0131klar\u0131 i\u00e7in minnettarl\u0131\u011f\u0131n\u0131 ifade ederek, b\u00fcy\u00fckel\u00e7iye bundan sonraki g\u00f6revlerinde ba\u015far\u0131lar diledi.<\/p>\n<p>B\u00fcy\u00fckel\u00e7i Sobhani ise, \u00fclkesinin Suriye&#8217;ye destek sa\u011flamaya ve Suriye halk\u0131n\u0131n yan\u0131nda olmaya devam etti\u011fine i\u015faret ederek, iki \u00fclke ve halklar\u0131n \u00e7\u0131karlar\u0131 do\u011frultusunda i\u015fbirli\u011fi ili\u015fkilerini ilerletmek i\u00e7in \u00e7al\u0131\u015fmalar\u0131n devam etti\u011fini vurgulad\u0131.<\/p>\n<p>Toplant\u0131ya Bakanlar Kurulu Ba\u015fkanl\u0131\u011f\u0131 Genel Sekreteri Dr. Kusey H\u0131d\u0131r kat\u0131ld\u0131.<\/p>\n<p>&nbsp;<\/p>\n<p>R.M.<\/p>\n<p><a href=\"https:\/\/t.me\/SuriyeArapHaberAjansI\">Telegram Kanal\u0131m\u0131z\u00a0<\/a><\/p>\n<p><a href=\"https:\/\/www.facebook.com\/SANAHaberAjansi\/\">Facebook Sayfam\u0131z<\/a><\/p>\n","protected":false},"excerpt":{"rendered":"<p>\u015eAM &#8211; Ba\u015fbakan H\u00fcseyin Arnous bug\u00fcn, \u00fclkesinin Suriye Arap Cumhuriyeti B\u00fcy\u00fckel\u00e7isi olarak g\u00f6revinin sona ermesi m\u00fcnasebetiyle \u0130ran&#8217;\u0131n \u015eam B\u00fcy\u00fckel\u00e7isi Mehdi Sobhani ile bir araya geldi. G\u00f6r\u00fc\u015fmede, ikili ili\u015fkilerin g\u00fcc\u00fc ve bu ili\u015fkileri g\u00fc\u00e7lendirecek, derinle\u015ftirecek ve ortak zorluklarla kar\u015f\u0131 kar\u015f\u0131ya olan iki dost halk ve \u00fclkenin \u00e7\u0131karlar\u0131na hizmet edecek \u015fekilde i\u015fbirli\u011fi i\u00e7in daha geni\u015f ufuklar a\u00e7ma &hellip;<\/p>\n","protected":false},"author":41,"featured_media":278055,"comment_status":"closed","ping_status":"closed","sticky":false,"template":"","format":"standard","meta":{"footnotes":""},"categories":[479,17988,478],"tags":[],"class_list":["post-278054","post","type-post","status-publish","format-standard","has-post-thumbnail","","category-haberler-yerel","category-son-haberler","category-yerel"],"_links":{"self":[{"href":"https:\/\/archive.sana.sy\/tr\/index.php?rest_route=\/wp\/v2\/posts\/278054","targetHints":{"allow":["GET"]}}],"collection":[{"href":"https:\/\/archive.sana.sy\/tr\/index.php?rest_route=\/wp\/v2\/posts"}],"about":[{"href":"https:\/\/archive.sana.sy\/tr\/index.php?rest_route=\/wp\/v2\/types\/post"}],"author":[{"embeddable":true,"href":"https:\/\/archive.sana.sy\/tr\/index.php?rest_route=\/wp\/v2\/users\/41"}],"replies":[{"embeddable":true,"href":"https:\/\/archive.sana.sy\/tr\/index.php?rest_route=%2Fwp%2Fv2%2Fcomments&post=278054"}],"version-history":[{"count":0,"href":"https:\/\/archive.sana.sy\/tr\/index.php?rest_route=\/wp\/v2\/posts\/278054\/revisions"}],"wp:featuredmedia":[{"embeddable":true,"href":"https:\/\/archive.sana.sy\/tr\/index.php?rest_route=\/wp\/v2\/media\/278055"}],"wp:attachment":[{"href":"https:\/\/archive.sana.sy\/tr\/index.php?rest_route=%2Fwp%2Fv2%2Fmedia&parent=278054"}],"wp:term":[{"taxonomy":"category","embeddable":true,"href":"https:\/\/archive.sana.sy\/tr\/index.php?rest_route=%2Fwp%2Fv2%2Fcategories&post=278054"},{"taxonomy":"post_tag","embeddable":true,"href":"https:\/\/archive.sana.sy\/tr\/index.php?rest_route=%2Fwp%2Fv2%2Ftags&post=278054"}],"curies":[{"name":"wp","href":"https:\/\/api.w.org\/{rel}","templated":true}]}}