{"id":278064,"date":"2023-04-03T14:33:39","date_gmt":"2023-04-03T11:33:39","guid":{"rendered":"http:\/\/sana.sy\/tr\/?p=278064"},"modified":"2023-04-06T09:14:10","modified_gmt":"2023-04-06T06:14:10","slug":"yuksek-ogretim-bakani-cin-buyukelcisi-ile-bilimsel-ve-arastirma-isbirliginin-tesvik-edilmesini-gorustu","status":"publish","type":"post","link":"https:\/\/archive.sana.sy\/tr\/?p=278064","title":{"rendered":"Y\u00fcksek \u00d6\u011fretim Bakan\u0131, \u00c7in B\u00fcy\u00fckel\u00e7isi \u0130le Bilimsel Ve Ara\u015ft\u0131rma \u0130\u015fbirli\u011finin Te\u015fvik Edilmesini G\u00f6r\u00fc\u015ft\u00fc"},"content":{"rendered":"<p><strong>\u015eAM<\/strong> &#8211; Y\u00fcksek \u00d6\u011fretim ve Bilimsel Ara\u015ft\u0131rma Bakan\u0131 Bassam \u0130brahim, \u00c7in&#8217;in \u015eam B\u00fcy\u00fckel\u00e7isi Shi Hongwei ile ikili ili\u015fkileri g\u00fc\u00e7lendirmenin, e\u011fitim ve sa\u011fl\u0131k ili\u015fkilerinin durumunu ilerletmenin ve y\u00fcr\u00fctme program\u0131n\u0131 yenilemenin yollar\u0131n\u0131 g\u00f6r\u00fc\u015ft\u00fc.<\/p>\n<p>Dr. \u0130brahim, Suriye ile \u00c7in aras\u0131nda her d\u00fczeyde \u00f6nemli ba\u015far\u0131lara imza atan tarihi ili\u015fkilerin derinli\u011fine dikkat \u00e7ekerek, \u00c7in&#8217;in Suriye&#8217;deki sava\u015f, Corona salg\u0131n\u0131 ve deprem s\u0131ras\u0131nda e\u011fitim hastanelerine verdi\u011fi destekle oynad\u0131\u011f\u0131 role at\u0131fta bulundu.<\/p>\n<p>\u0130brahim, mevcut bilimsel imkanlardan en iyi \u015fekilde yararlanman\u0131n \u00f6nemine ve Suriye ve \u00c7in \u00fcniversiteleri aras\u0131nda bilimsel ziyaretlerin de\u011fi\u015f toku\u015fu alanlar\u0131nda daha fazla i\u015fbirli\u011fi kurmak i\u00e7in iki \u00fclke aras\u0131ndaki ortak \u00e7\u0131karlara ula\u015facak \u015fekilde y\u00fcr\u00fctme program\u0131n\u0131n yenilenmesi gerekti\u011fine i\u015faret etti.<\/p>\n<p>Buna kar\u015f\u0131l\u0131k \u00c7in b\u00fcy\u00fckel\u00e7isi, \u00c7in ve Suriye&#8217;nin dostlu\u011fu tarih boyunca uzanan iki \u00fclke oldu\u011funu vurgularken, iki \u00fclke aras\u0131nda \u00e7e\u015fitli alanlarda mevcut i\u015fbirli\u011fini geli\u015ftirme niyetini ve bunu iki \u00fclke halklar\u0131n\u0131n \u00f6zlemlerini ve ortak \u00e7\u0131karlar\u0131n\u0131 ger\u00e7ekle\u015ftirecek \u015fekilde di\u011fer sekt\u00f6rleri ve daha geni\u015f alanlar\u0131 da kapsayacak \u015fekilde geli\u015ftirme \u00e7abas\u0131n\u0131 ifade etti.<\/p>\n<p>Hongwei, Suriyeli \u00f6\u011frencilere y\u00f6nelik burslar\u0131 art\u0131rmak ve Suriye \u00fcniversiteleri ile \u00c7in \u00fcniversiteleri aras\u0131ndaki deneyim al\u0131\u015fveri\u015fini art\u0131rmak i\u00e7in Y\u00fcksek \u00d6\u011fretim ve Bilimsel Ara\u015ft\u0131rma Bakanl\u0131\u011f\u0131 ile s\u00fcrekli koordinasyonun gereklili\u011fine i\u015faret etti.<\/p>\n<p>&nbsp;<\/p>\n<p>R.M.<\/p>\n<p><a href=\"https:\/\/t.me\/SuriyeArapHaberAjansI\">Telegram Kanal\u0131m\u0131z\u00a0<\/a><\/p>\n<p><a href=\"https:\/\/www.facebook.com\/SANAHaberAjansi\/\">Facebook Sayfam\u0131z<\/a><\/p>\n","protected":false},"excerpt":{"rendered":"<p>\u015eAM &#8211; Y\u00fcksek \u00d6\u011fretim ve Bilimsel Ara\u015ft\u0131rma Bakan\u0131 Bassam \u0130brahim, \u00c7in&#8217;in \u015eam B\u00fcy\u00fckel\u00e7isi Shi Hongwei ile ikili ili\u015fkileri g\u00fc\u00e7lendirmenin, e\u011fitim ve sa\u011fl\u0131k ili\u015fkilerinin durumunu ilerletmenin ve y\u00fcr\u00fctme program\u0131n\u0131 yenilemenin yollar\u0131n\u0131 g\u00f6r\u00fc\u015ft\u00fc. Dr. \u0130brahim, Suriye ile \u00c7in aras\u0131nda her d\u00fczeyde \u00f6nemli ba\u015far\u0131lara imza atan tarihi ili\u015fkilerin derinli\u011fine dikkat \u00e7ekerek, \u00c7in&#8217;in Suriye&#8217;deki sava\u015f, Corona salg\u0131n\u0131 ve deprem &hellip;<\/p>\n","protected":false},"author":41,"featured_media":278065,"comment_status":"closed","ping_status":"closed","sticky":false,"template":"","format":"standard","meta":{"footnotes":""},"categories":[479,17988,478],"tags":[],"class_list":["post-278064","post","type-post","status-publish","format-standard","has-post-thumbnail","","category-haberler-yerel","category-son-haberler","category-yerel"],"_links":{"self":[{"href":"https:\/\/archive.sana.sy\/tr\/index.php?rest_route=\/wp\/v2\/posts\/278064","targetHints":{"allow":["GET"]}}],"collection":[{"href":"https:\/\/archive.sana.sy\/tr\/index.php?rest_route=\/wp\/v2\/posts"}],"about":[{"href":"https:\/\/archive.sana.sy\/tr\/index.php?rest_route=\/wp\/v2\/types\/post"}],"author":[{"embeddable":true,"href":"https:\/\/archive.sana.sy\/tr\/index.php?rest_route=\/wp\/v2\/users\/41"}],"replies":[{"embeddable":true,"href":"https:\/\/archive.sana.sy\/tr\/index.php?rest_route=%2Fwp%2Fv2%2Fcomments&post=278064"}],"version-history":[{"count":0,"href":"https:\/\/archive.sana.sy\/tr\/index.php?rest_route=\/wp\/v2\/posts\/278064\/revisions"}],"wp:featuredmedia":[{"embeddable":true,"href":"https:\/\/archive.sana.sy\/tr\/index.php?rest_route=\/wp\/v2\/media\/278065"}],"wp:attachment":[{"href":"https:\/\/archive.sana.sy\/tr\/index.php?rest_route=%2Fwp%2Fv2%2Fmedia&parent=278064"}],"wp:term":[{"taxonomy":"category","embeddable":true,"href":"https:\/\/archive.sana.sy\/tr\/index.php?rest_route=%2Fwp%2Fv2%2Fcategories&post=278064"},{"taxonomy":"post_tag","embeddable":true,"href":"https:\/\/archive.sana.sy\/tr\/index.php?rest_route=%2Fwp%2Fv2%2Ftags&post=278064"}],"curies":[{"name":"wp","href":"https:\/\/api.w.org\/{rel}","templated":true}]}}