{"id":278067,"date":"2023-04-03T17:40:45","date_gmt":"2023-04-03T14:40:45","guid":{"rendered":"http:\/\/sana.sy\/tr\/?p=278067"},"modified":"2023-04-05T11:20:44","modified_gmt":"2023-04-05T08:20:44","slug":"sabbag-kuba-buyukelcisine-iki-ulke-arasindaki-parlamenter-iliskileri-guclendirmenin-onemini-vurguladi","status":"publish","type":"post","link":"https:\/\/archive.sana.sy\/tr\/?p=278067","title":{"rendered":"Sabba\u011f, K\u00fcba B\u00fcy\u00fckel\u00e7isine \u0130ki \u00dclke Aras\u0131ndaki Parlamenter \u0130li\u015fkileri G\u00fc\u00e7lendirmenin \u00d6nemini Vurgulad\u0131"},"content":{"rendered":"<p><strong>MOSKOVA<\/strong> &#8211; Meclis Ba\u015fkan\u0131 Hamuda Sabba\u011f, K\u00fcba&#8217;n\u0131n Suriye Ola\u011fan\u00fcst\u00fc ve Tam Yetkili B\u00fcy\u00fckel\u00e7isi Luis <img loading=\"lazy\" decoding=\"async\" class=\"size-full wp-image-278068 alignright\" src=\"http:\/\/sana.sy\/tr\/wp-content\/uploads\/2023\/04\/1-3.jpg\" alt=\"\" width=\"300\" height=\"200\" \/>Mariano Fernandez ile bug\u00fcn yapt\u0131\u011f\u0131 g\u00f6r\u00fc\u015fmede, Suriye-K\u00fcba parlamento ili\u015fkilerinin g\u00fc\u00e7lendirilmesinin \u00f6nemini vurgulayarak, \u00a0K\u00fcba&#8217;n\u0131n kendisine kar\u015f\u0131 s\u00fcrd\u00fcr\u00fclen ter\u00f6r sava\u015f\u0131 boyunca Suriye&#8217;yi ve halk\u0131n\u0131 destekleyen a\u00e7\u0131k tutumunu \u00f6vd\u00fc.<\/p>\n<p>Sabba\u011f, Suriye&#8217;deki g\u00f6reve ba\u015flamas\u0131 vesilesiyle Fernandez ile yapt\u0131\u011f\u0131 g\u00f6r\u00fc\u015fmede, iki dost \u00fclke aras\u0131ndaki ikili ili\u015fkilerin her alanda geli\u015fmesini, ziyaret ve deneyim al\u0131\u015fveri\u015finin artmas\u0131n\u0131 umdu\u011funu dile getirerek,\u00a0 K\u00fcba&#8217;n\u0131n liderli\u011fini, h\u00fck\u00fcmetini ve halk\u0131n\u0131 Ulusal Halk \u0130ktidar\u0131 Meclisi&#8217;ne (parlamento) temsilcilerini se\u00e7medeki b\u00fcy\u00fck ba\u015far\u0131s\u0131ndan dolay\u0131 tebrik etti.<\/p>\n<p>Meclis Ba\u015fkan\u0131 ayr\u0131ca, B\u00fcy\u00fckel\u00e7i Fernandez&#8217;e \u015eam&#8217;daki yeni g\u00f6revlerinde Suriye-K\u00fcba ikili ili\u015fkilerinin geli\u015fmesine katk\u0131 sa\u011flayacak \u015fekilde ba\u015far\u0131lar diledi.<\/p>\n<p><img loading=\"lazy\" decoding=\"async\" class=\"size-full wp-image-278069 alignright\" src=\"http:\/\/sana.sy\/tr\/wp-content\/uploads\/2023\/04\/2-3.jpg\" alt=\"\" width=\"300\" height=\"185\" \/>K\u00fcba b\u00fcy\u00fckel\u00e7isi ise, \u00fclkesinin abluka, yapt\u0131r\u0131mlar ve ter\u00f6rizm ile destek\u00e7ileri ve finans\u00f6rlerine kar\u015f\u0131 sava\u015f\u0131nda Suriye halk\u0131n\u0131n yan\u0131nda oldu\u011funu ve hala yan\u0131nda oldu\u011funu vurgulayarak, K\u00fcba&#8217;n\u0131n Bat\u0131l\u0131 g\u00fc\u00e7ler taraf\u0131ndan uygulanan haks\u0131z yapt\u0131r\u0131mlardan hala muzdarip oldu\u011funa, ancak K\u00fcba halk\u0131n\u0131n iradesinin galip gelece\u011fine dikkat \u00e7ekti.<\/p>\n<p>B\u00fcy\u00fckel\u00e7i Fernandez ayr\u0131ca, \u00fclkesinin \u015eam&#8217;daki b\u00fcy\u00fckel\u00e7isi olarak g\u00f6revinin icras\u0131 s\u0131ras\u0131nda ba\u015fta parlamento ili\u015fkilerinin te\u015fviki ve geli\u015ftirilmesi olmak \u00fczere \u00fczerinde \u00e7al\u0131\u015faca\u011f\u0131 bir\u00e7ok plan ve proje oldu\u011funa i\u015faret ederken, \u00fclkesinin Suriye&#8217;ye gerek Corona vir\u00fcs\u00fcyle m\u00fccadele gerekse son g\u00fcnlerde Suriye&#8217;yi vuran y\u0131k\u0131c\u0131 depremin yans\u0131malar\u0131yla y\u00fczle\u015fmek i\u00e7in biyoteknoloji, a\u015f\u0131 ve ila\u00e7 alan\u0131nda yard\u0131m ve yard\u0131m sa\u011flamaya devam etti\u011fini kaydetti.<\/p>\n<p>B\u00fcy\u00fckel\u00e7i Fernandez gazetecilere yapt\u0131\u011f\u0131 a\u00e7\u0131klamada , \u00fclkesinin Suriye&#8217;nin i\u00e7i\u015flerine kar\u0131\u015fmay\u0131 reddeden tutumunu yeniden teyit etti ve t\u00fcm Suriye topraklar\u0131n\u0131n ter\u00f6rizmden ve yabanc\u0131 g\u00fc\u00e7lerden kurtar\u0131lmas\u0131 \u00e7a\u011fr\u0131s\u0131nda bulundu.<\/p>\n<p>G\u00f6r\u00fc\u015fmeye, Konsey Ba\u015fkan Yard\u0131mc\u0131s\u0131, Konsey b\u00fcrosu \u00fcyeleri ve Suriye-K\u00fcba Parlamento Dostluk Komitesi b\u00fcrosu ba\u015fkan\u0131 ve \u00fcyeleri kat\u0131ld\u0131.<\/p>\n<div id='gallery-1' class='gallery galleryid-278067 gallery-columns-2 gallery-size-medium'><figure class='gallery-item'>\n\t\t\t<div class='gallery-icon landscape'>\n\t\t\t\t<a href='https:\/\/archive.sana.sy\/tr\/?attachment_id=278070'><img loading=\"lazy\" decoding=\"async\" width=\"300\" height=\"200\" src=\"https:\/\/archive.sana.sy\/tr\/wp-content\/uploads\/2023\/04\/4-1-300x200.jpg\" class=\"attachment-medium size-medium\" alt=\"\" srcset=\"https:\/\/archive.sana.sy\/tr\/wp-content\/uploads\/2023\/04\/4-1-300x200.jpg 300w, https:\/\/archive.sana.sy\/tr\/wp-content\/uploads\/2023\/04\/4-1.jpg 660w\" sizes=\"auto, (max-width: 300px) 100vw, 300px\" \/><\/a>\n\t\t\t<\/div><\/figure><figure class='gallery-item'>\n\t\t\t<div class='gallery-icon landscape'>\n\t\t\t\t<a href='https:\/\/archive.sana.sy\/tr\/?attachment_id=278071'><img loading=\"lazy\" decoding=\"async\" width=\"300\" height=\"200\" src=\"https:\/\/archive.sana.sy\/tr\/wp-content\/uploads\/2023\/04\/DSC_9182-300x200.jpg\" class=\"attachment-medium size-medium\" alt=\"\" srcset=\"https:\/\/archive.sana.sy\/tr\/wp-content\/uploads\/2023\/04\/DSC_9182-300x200.jpg 300w, https:\/\/archive.sana.sy\/tr\/wp-content\/uploads\/2023\/04\/DSC_9182.jpg 660w\" sizes=\"auto, (max-width: 300px) 100vw, 300px\" \/><\/a>\n\t\t\t<\/div><\/figure>\n\t\t<\/div>\n\n<p>&nbsp;<\/p>\n<p>R.M.<\/p>\n<p><a href=\"https:\/\/t.me\/SuriyeArapHaberAjansI\">Telegram Kanal\u0131m\u0131z\u00a0<\/a><\/p>\n<p><a href=\"https:\/\/www.facebook.com\/SANAHaberAjansi\/\">Facebook Sayfam\u0131z<\/a><\/p>\n","protected":false},"excerpt":{"rendered":"<p>MOSKOVA &#8211; Meclis Ba\u015fkan\u0131 Hamuda Sabba\u011f, K\u00fcba&#8217;n\u0131n Suriye Ola\u011fan\u00fcst\u00fc ve Tam Yetkili B\u00fcy\u00fckel\u00e7isi Luis Mariano Fernandez ile bug\u00fcn yapt\u0131\u011f\u0131 g\u00f6r\u00fc\u015fmede, Suriye-K\u00fcba parlamento ili\u015fkilerinin g\u00fc\u00e7lendirilmesinin \u00f6nemini vurgulayarak, \u00a0K\u00fcba&#8217;n\u0131n kendisine kar\u015f\u0131 s\u00fcrd\u00fcr\u00fclen ter\u00f6r sava\u015f\u0131 boyunca Suriye&#8217;yi ve halk\u0131n\u0131 destekleyen a\u00e7\u0131k tutumunu \u00f6vd\u00fc. Sabba\u011f, Suriye&#8217;deki g\u00f6reve ba\u015flamas\u0131 vesilesiyle Fernandez ile yapt\u0131\u011f\u0131 g\u00f6r\u00fc\u015fmede, iki dost \u00fclke aras\u0131ndaki ikili ili\u015fkilerin &hellip;<\/p>\n","protected":false},"author":41,"featured_media":278073,"comment_status":"closed","ping_status":"closed","sticky":false,"template":"","format":"standard","meta":{"footnotes":""},"categories":[458,459,17988],"tags":[],"class_list":["post-278067","post","type-post","status-publish","format-standard","has-post-thumbnail","","category-dunya1","category-haberler-arap-uluslararasi-politika","category-son-haberler"],"_links":{"self":[{"href":"https:\/\/archive.sana.sy\/tr\/index.php?rest_route=\/wp\/v2\/posts\/278067","targetHints":{"allow":["GET"]}}],"collection":[{"href":"https:\/\/archive.sana.sy\/tr\/index.php?rest_route=\/wp\/v2\/posts"}],"about":[{"href":"https:\/\/archive.sana.sy\/tr\/index.php?rest_route=\/wp\/v2\/types\/post"}],"author":[{"embeddable":true,"href":"https:\/\/archive.sana.sy\/tr\/index.php?rest_route=\/wp\/v2\/users\/41"}],"replies":[{"embeddable":true,"href":"https:\/\/archive.sana.sy\/tr\/index.php?rest_route=%2Fwp%2Fv2%2Fcomments&post=278067"}],"version-history":[{"count":0,"href":"https:\/\/archive.sana.sy\/tr\/index.php?rest_route=\/wp\/v2\/posts\/278067\/revisions"}],"wp:featuredmedia":[{"embeddable":true,"href":"https:\/\/archive.sana.sy\/tr\/index.php?rest_route=\/wp\/v2\/media\/278073"}],"wp:attachment":[{"href":"https:\/\/archive.sana.sy\/tr\/index.php?rest_route=%2Fwp%2Fv2%2Fmedia&parent=278067"}],"wp:term":[{"taxonomy":"category","embeddable":true,"href":"https:\/\/archive.sana.sy\/tr\/index.php?rest_route=%2Fwp%2Fv2%2Fcategories&post=278067"},{"taxonomy":"post_tag","embeddable":true,"href":"https:\/\/archive.sana.sy\/tr\/index.php?rest_route=%2Fwp%2Fv2%2Ftags&post=278067"}],"curies":[{"name":"wp","href":"https:\/\/api.w.org\/{rel}","templated":true}]}}