{"id":278082,"date":"2023-04-03T17:33:22","date_gmt":"2023-04-03T14:33:22","guid":{"rendered":"http:\/\/sana.sy\/tr\/?p=278082"},"modified":"2023-04-05T11:20:23","modified_gmt":"2023-04-05T08:20:23","slug":"vershinin-griffiths-ile-depremden-sonra-suriyedeki-acil-insani-ihtiyaclari-gorustu","status":"publish","type":"post","link":"https:\/\/archive.sana.sy\/tr\/?p=278082","title":{"rendered":"Vershinin, Griffiths \u0130le Depremden Sonra Suriye&#8217;deki Acil \u0130nsani \u0130htiya\u00e7lar\u0131 G\u00f6r\u00fc\u015ft\u00fc"},"content":{"rendered":"<p><strong>MOSKOVA<\/strong> &#8211; Bug\u00fcn, Rusya D\u0131\u015fi\u015fleri Bakan Yard\u0131mc\u0131s\u0131 Sergei Vershinin, BM \u0130nsani \u0130\u015flerden Sorumlu Genel Sekreter Yard\u0131mc\u0131s\u0131 Martin Griffiths ile ge\u00e7en \u015eubat ay\u0131n\u0131n 6&#8217;s\u0131nda meydana gelen y\u0131k\u0131c\u0131 depremin ard\u0131ndan Suriye&#8217;deki durumu ve acil insani ihtiya\u00e7lar\u0131n\u0131 g\u00f6r\u00fc\u015ft\u00fc.<\/p>\n<p>Rusya D\u0131\u015fi\u015fleri Bakanl\u0131\u011f\u0131 bug\u00fcn yapt\u0131\u011f\u0131 a\u00e7\u0131klamada, \u2018\u2019Vershinin, Suriye h\u00fck\u00fcmeti ile koordineli olarak yard\u0131m\u0131n Suriye&#8217;deki t\u00fcm ihtiya\u00e7 sahiplerine ula\u015fmas\u0131n\u0131 sa\u011flaman\u0131n \u00f6nemini vurgularken, iki taraf bir telefon g\u00f6r\u00fc\u015fmesi s\u0131ras\u0131nda bu insani ihtiya\u00e7lar\u0131n kar\u015f\u0131 kar\u015f\u0131ya oldu\u011fu sorunlara bir \u00e7\u00f6z\u00fcm getirilmesini g\u00f6r\u00fc\u015ft\u00fc. Uluslararas\u0131 insanc\u0131l hukuk standartlar\u0131na ve Birle\u015fmi\u015f Milletler Genel Kurulu kararlar\u0131nda \u00f6ng\u00f6r\u00fclen ilkelere tam uyum i\u00e7inde, ayr\u0131m g\u00f6zetmeksizin yard\u0131m sa\u011flanmas\u0131 ve Suriye&#8217;nin egemenli\u011fine ve toprak b\u00fct\u00fcnl\u00fc\u011f\u00fcne sayg\u0131 g\u00f6sterilmesi gere\u011fini vurgulad\u0131.\u2019\u2019 ifadelerini kuuland\u0131.<\/p>\n<p>\u00d6te yandan Vershinin ve Griffiths, g\u00f6r\u00fc\u015fmede, k\u00fcresel g\u0131da g\u00fcvenli\u011fini art\u0131rmay\u0131 ve Asya, Afrika ve Latin Amerika&#8217;daki ihtiya\u00e7 sahibi \u00fclkelere yard\u0131m sa\u011flamay\u0131 ama\u00e7layan Karadeniz genelinde tah\u0131l anla\u015fmas\u0131n\u0131n uygulanmas\u0131na y\u00f6nelik mekanizmalar\u0131 ele ald\u0131.<\/p>\n<p>&nbsp;<\/p>\n<p>R.M.<\/p>\n<p><a href=\"https:\/\/t.me\/SuriyeArapHaberAjansI\">Telegram Kanal\u0131m\u0131z\u00a0<\/a><\/p>\n<p><a href=\"https:\/\/www.facebook.com\/SANAHaberAjansi\/\">Facebook Sayfam\u0131z<\/a><\/p>\n","protected":false},"excerpt":{"rendered":"<p>MOSKOVA &#8211; Bug\u00fcn, Rusya D\u0131\u015fi\u015fleri Bakan Yard\u0131mc\u0131s\u0131 Sergei Vershinin, BM \u0130nsani \u0130\u015flerden Sorumlu Genel Sekreter Yard\u0131mc\u0131s\u0131 Martin Griffiths ile ge\u00e7en \u015eubat ay\u0131n\u0131n 6&#8217;s\u0131nda meydana gelen y\u0131k\u0131c\u0131 depremin ard\u0131ndan Suriye&#8217;deki durumu ve acil insani ihtiya\u00e7lar\u0131n\u0131 g\u00f6r\u00fc\u015ft\u00fc. Rusya D\u0131\u015fi\u015fleri Bakanl\u0131\u011f\u0131 bug\u00fcn yapt\u0131\u011f\u0131 a\u00e7\u0131klamada, \u2018\u2019Vershinin, Suriye h\u00fck\u00fcmeti ile koordineli olarak yard\u0131m\u0131n Suriye&#8217;deki t\u00fcm ihtiya\u00e7 sahiplerine ula\u015fmas\u0131n\u0131 sa\u011flaman\u0131n \u00f6nemini &hellip;<\/p>\n","protected":false},"author":41,"featured_media":278083,"comment_status":"closed","ping_status":"closed","sticky":false,"template":"","format":"standard","meta":{"footnotes":""},"categories":[458,459,17988],"tags":[],"class_list":["post-278082","post","type-post","status-publish","format-standard","has-post-thumbnail","","category-dunya1","category-haberler-arap-uluslararasi-politika","category-son-haberler"],"_links":{"self":[{"href":"https:\/\/archive.sana.sy\/tr\/index.php?rest_route=\/wp\/v2\/posts\/278082","targetHints":{"allow":["GET"]}}],"collection":[{"href":"https:\/\/archive.sana.sy\/tr\/index.php?rest_route=\/wp\/v2\/posts"}],"about":[{"href":"https:\/\/archive.sana.sy\/tr\/index.php?rest_route=\/wp\/v2\/types\/post"}],"author":[{"embeddable":true,"href":"https:\/\/archive.sana.sy\/tr\/index.php?rest_route=\/wp\/v2\/users\/41"}],"replies":[{"embeddable":true,"href":"https:\/\/archive.sana.sy\/tr\/index.php?rest_route=%2Fwp%2Fv2%2Fcomments&post=278082"}],"version-history":[{"count":0,"href":"https:\/\/archive.sana.sy\/tr\/index.php?rest_route=\/wp\/v2\/posts\/278082\/revisions"}],"wp:featuredmedia":[{"embeddable":true,"href":"https:\/\/archive.sana.sy\/tr\/index.php?rest_route=\/wp\/v2\/media\/278083"}],"wp:attachment":[{"href":"https:\/\/archive.sana.sy\/tr\/index.php?rest_route=%2Fwp%2Fv2%2Fmedia&parent=278082"}],"wp:term":[{"taxonomy":"category","embeddable":true,"href":"https:\/\/archive.sana.sy\/tr\/index.php?rest_route=%2Fwp%2Fv2%2Fcategories&post=278082"},{"taxonomy":"post_tag","embeddable":true,"href":"https:\/\/archive.sana.sy\/tr\/index.php?rest_route=%2Fwp%2Fv2%2Ftags&post=278082"}],"curies":[{"name":"wp","href":"https:\/\/api.w.org\/{rel}","templated":true}]}}