{"id":278085,"date":"2023-04-03T19:06:39","date_gmt":"2023-04-03T16:06:39","guid":{"rendered":"http:\/\/sana.sy\/tr\/?p=278085"},"modified":"2023-04-05T11:21:09","modified_gmt":"2023-04-05T08:21:09","slug":"cumhurbaskani-esad-cumhurbaskani-tebbun-ile-bir-telefon-gorusmesinde-arap-arenasindaki-siyasi-gelismeleri-gorustu","status":"publish","type":"post","link":"https:\/\/archive.sana.sy\/tr\/?p=278085","title":{"rendered":"Cumhurba\u015fkan\u0131 Esad, Cumhurba\u015fkan\u0131 Tebbun \u0130le Bir Telefon G\u00f6r\u00fc\u015fmesinde Arap Arenas\u0131ndaki Siyasi Geli\u015fmeleri G\u00f6r\u00fc\u015ft\u00fc"},"content":{"rendered":"<p><strong>\u015eAM<\/strong> &#8211; Cumhurba\u015fkan\u0131 Be\u015f\u015far Esad, Cezayir Cumhurba\u015fkan\u0131 Abd\u00fclmecid Tebbun ile, \u00f6zellikle bir dizi Arap yetkilinin Suriye&#8217;ye yapt\u0131\u011f\u0131 ziyaretler, Cumhurba\u015fkan\u0131 Esad&#8217;\u0131n Arap d\u00fcnyas\u0131nda Umman Sultanl\u0131\u011f\u0131 ve Birle\u015fik Arap Emirlikleri&#8217;ne yapt\u0131\u011f\u0131 ziyaretler ve t\u00fcm bu g\u00f6r\u00fc\u015fmelerde ortaya \u00e7\u0131kan dosyalar ve bunlar\u0131n Arap-Arap ikili ili\u015fkilerine yans\u0131malar\u0131 \u0131\u015f\u0131\u011f\u0131nda Arap arenas\u0131ndaki siyasi geli\u015fmeleri g\u00f6r\u00fc\u015ft\u00fc.<\/p>\n<p>Cumhurba\u015fkan\u0131 Esad, Cezayirli mevkida\u015f\u0131 ile yapt\u0131\u011f\u0131 telefon g\u00f6r\u00fc\u015fmesinde, Cezayir Devleti ve halk\u0131n\u0131n deprem \u00e7ilesiyle y\u00fczle\u015fmek i\u00e7in Suriye&#8217;ye sa\u011flad\u0131\u011f\u0131 yard\u0131m i\u00e7in Cumhurba\u015fkan\u0131 Tebbun&#8217;a te\u015fekk\u00fcr etti ve bu yard\u0131m\u0131n Suriye halk\u0131na kar\u015f\u0131 bir dayan\u0131\u015fma ve b\u00fcy\u00fck bir sempati hali ta\u015f\u0131d\u0131\u011f\u0131n\u0131 ve iki \u00fclke ile iki karde\u015f halk aras\u0131ndaki derin ba\u011flar\u0131 yans\u0131tt\u0131\u011f\u0131n\u0131 vurgulad\u0131.<\/p>\n<p>Cumhurba\u015fkan\u0131 Esad ayr\u0131ca, \u015fu anda Arap Zirvesi&#8217;ne ba\u015fkanl\u0131k eden Cezayir&#8217;in tarihsel olarak \u00e7e\u015fitli konularda Suriye&#8217;ninkine \u00e7ok yak\u0131n pozisyonlarda bulundu\u011funu ve bunun iki \u00fclke aras\u0131ndaki on y\u0131llard\u0131r ortak vizyonu yans\u0131tt\u0131\u011f\u0131n\u0131 kaydetti.<\/p>\n<p>Cumhurba\u015fkan\u0131 Tebbun, Cezayir&#8217;in Suriye&#8217;yi desteklemeye devam etti\u011fini ve \u00e7e\u015fitli alanlarda ikili ili\u015fkileri g\u00fc\u00e7lendirme konusundaki kararl\u0131l\u0131\u011f\u0131n\u0131 ve \u00fclkesinin iki \u00fclkenin yarar\u0131na ekonomik i\u015fbirli\u011fini geli\u015ftirmeye haz\u0131r oldu\u011funu vurgulad\u0131.<\/p>\n<p>Cumhurba\u015fkan\u0131 Esad, Cumhurba\u015fkan\u0131 Tebbun ve Cezayir halk\u0131n\u0131n m\u00fcbarek Ramazan ay\u0131 m\u00fcnasebetiyle de tebriklerini iletti.<\/p>\n<p>&nbsp;<\/p>\n<p>R.M.<\/p>\n<p><a href=\"https:\/\/t.me\/SuriyeArapHaberAjansI\">Telegram Kanal\u0131m\u0131z\u00a0<\/a><\/p>\n<p><a href=\"https:\/\/www.facebook.com\/SANAHaberAjansi\/\">Facebook Sayfam\u0131z<\/a><\/p>\n","protected":false},"excerpt":{"rendered":"<p>\u015eAM &#8211; Cumhurba\u015fkan\u0131 Be\u015f\u015far Esad, Cezayir Cumhurba\u015fkan\u0131 Abd\u00fclmecid Tebbun ile, \u00f6zellikle bir dizi Arap yetkilinin Suriye&#8217;ye yapt\u0131\u011f\u0131 ziyaretler, Cumhurba\u015fkan\u0131 Esad&#8217;\u0131n Arap d\u00fcnyas\u0131nda Umman Sultanl\u0131\u011f\u0131 ve Birle\u015fik Arap Emirlikleri&#8217;ne yapt\u0131\u011f\u0131 ziyaretler ve t\u00fcm bu g\u00f6r\u00fc\u015fmelerde ortaya \u00e7\u0131kan dosyalar ve bunlar\u0131n Arap-Arap ikili ili\u015fkilerine yans\u0131malar\u0131 \u0131\u015f\u0131\u011f\u0131nda Arap arenas\u0131ndaki siyasi geli\u015fmeleri g\u00f6r\u00fc\u015ft\u00fc. Cumhurba\u015fkan\u0131 Esad, Cezayirli mevkida\u015f\u0131 ile yapt\u0131\u011f\u0131 &hellip;<\/p>\n","protected":false},"author":41,"featured_media":278086,"comment_status":"closed","ping_status":"closed","sticky":false,"template":"","format":"standard","meta":{"footnotes":""},"categories":[606,479,605,17988,478],"tags":[],"class_list":["post-278085","post","type-post","status-publish","format-standard","has-post-thumbnail","","category-cumhurbaskani","category-haberler-yerel","category-sayin-cumhurbaskani","category-son-haberler","category-yerel"],"_links":{"self":[{"href":"https:\/\/archive.sana.sy\/tr\/index.php?rest_route=\/wp\/v2\/posts\/278085","targetHints":{"allow":["GET"]}}],"collection":[{"href":"https:\/\/archive.sana.sy\/tr\/index.php?rest_route=\/wp\/v2\/posts"}],"about":[{"href":"https:\/\/archive.sana.sy\/tr\/index.php?rest_route=\/wp\/v2\/types\/post"}],"author":[{"embeddable":true,"href":"https:\/\/archive.sana.sy\/tr\/index.php?rest_route=\/wp\/v2\/users\/41"}],"replies":[{"embeddable":true,"href":"https:\/\/archive.sana.sy\/tr\/index.php?rest_route=%2Fwp%2Fv2%2Fcomments&post=278085"}],"version-history":[{"count":0,"href":"https:\/\/archive.sana.sy\/tr\/index.php?rest_route=\/wp\/v2\/posts\/278085\/revisions"}],"wp:featuredmedia":[{"embeddable":true,"href":"https:\/\/archive.sana.sy\/tr\/index.php?rest_route=\/wp\/v2\/media\/278086"}],"wp:attachment":[{"href":"https:\/\/archive.sana.sy\/tr\/index.php?rest_route=%2Fwp%2Fv2%2Fmedia&parent=278085"}],"wp:term":[{"taxonomy":"category","embeddable":true,"href":"https:\/\/archive.sana.sy\/tr\/index.php?rest_route=%2Fwp%2Fv2%2Fcategories&post=278085"},{"taxonomy":"post_tag","embeddable":true,"href":"https:\/\/archive.sana.sy\/tr\/index.php?rest_route=%2Fwp%2Fv2%2Ftags&post=278085"}],"curies":[{"name":"wp","href":"https:\/\/api.w.org\/{rel}","templated":true}]}}