{"id":278090,"date":"2023-04-04T09:48:34","date_gmt":"2023-04-04T06:48:34","guid":{"rendered":"https:\/\/sana.sy\/tr\/?p=278090"},"modified":"2023-04-05T11:25:23","modified_gmt":"2023-04-05T08:25:23","slug":"israilin-sama-duzenledigi-saldirida-2-sivil-sehit-dustu","status":"publish","type":"post","link":"https:\/\/archive.sana.sy\/tr\/?p=278090","title":{"rendered":"\u0130srail&#8217;in \u015eam&#8217;a D\u00fczenledi\u011fi Sald\u0131r\u0131da 2 Sivil \u015eehit D\u00fc\u015ft\u00fc &#8220;V\u0130DEO&#8221;"},"content":{"rendered":"<p><strong>\u015eAM \u2013<\/strong> \u0130srail&#8217;in \u015eam \u00e7evresindeki baz\u0131 noktalar\u0131 hedef alan sald\u0131r\u0131s\u0131 sonucunda iki sivil \u015fehit d\u00fc\u015ft\u00fc ve maddi hasar meydana geldi.<\/p>\n<p>Askeri kaynak SANA&#8217;ya yapt\u0131\u011f\u0131 a\u00e7\u0131klamada: &#8220;Bug\u00fcn saat 00:15&#8217;te d\u00fc\u015fman \u0130srail&#8217;in i\u015fgal alt\u0131ndaki Suriyeli Golan y\u00f6n\u00fcnden \u015eam \u00e7evresi ve G\u00fcney b\u00f6lgesinde baz\u0131 noktalar\u0131 hedef alan hava sald\u0131r\u0131s\u0131 d\u00fczenledi\u011fini, hava savunma sistemlerimizin bu sald\u0131r\u0131ya kar\u015f\u0131 koyarak \u00e7o\u011fu f\u00fczeyi d\u00fc\u015f\u00fcrd\u00fc\u011f\u00fcn\u00fc, sald\u0131r\u0131 sonucunda iki sivilin \u015fehit d\u00fc\u015fmesine ve baz\u0131 maddi zararlara yol a\u00e7t\u0131\u011f\u0131n\u0131&#8221; belirtti.<\/p>\n<p>Kaynak: sald\u0131rganl\u0131\u011f\u0131n&#8221;2 sivilin \u015fehit d\u00fc\u015fmesine ve baz\u0131 maddi kay\u0131plara yol a\u00e7t\u0131\u011f\u0131n\u0131&#8221; da s\u00f6zlerine ekledi.<\/p>\n<p><iframe loading=\"lazy\" title=\"\u0648\u0633\u0627\u0626\u0637 \u062f\u0641\u0627\u0639\u0646\u0627 \u0627\u0644\u062c\u0648\u064a \u062a\u062a\u0635\u062f\u0649 \u0644\u0623\u0647\u062f\u0627\u0641 \u0645\u0639\u0627\u062f\u064a\u0629 \u0641\u064a \u0623\u062c\u0648\u0627\u0621 \u062f\u0645\u0634\u0642\" src=\"https:\/\/www.youtube.com\/embed\/I7jk2MqaMSY\" width=\"620\" height=\"348\" frameborder=\"0\" allowfullscreen=\"allowfullscreen\"><\/iframe><\/p>\n<p><a href=\"https:\/\/t.me\/SuriyeArapHaberAjansI\">Telegram Kanal\u0131m\u0131z\u00a0<\/a><\/p>\n<p><a href=\"https:\/\/www.facebook.com\/SANAHaberAjansi\/\">Facebook Sayfam\u0131z<\/a><\/p>\n","protected":false},"excerpt":{"rendered":"<p>\u015eAM \u2013 \u0130srail&#8217;in \u015eam \u00e7evresindeki baz\u0131 noktalar\u0131 hedef alan sald\u0131r\u0131s\u0131 sonucunda iki sivil \u015fehit d\u00fc\u015ft\u00fc ve maddi hasar meydana geldi. Askeri kaynak SANA&#8217;ya yapt\u0131\u011f\u0131 a\u00e7\u0131klamada: &#8220;Bug\u00fcn saat 00:15&#8217;te d\u00fc\u015fman \u0130srail&#8217;in i\u015fgal alt\u0131ndaki Suriyeli Golan y\u00f6n\u00fcnden \u015eam \u00e7evresi ve G\u00fcney b\u00f6lgesinde baz\u0131 noktalar\u0131 hedef alan hava sald\u0131r\u0131s\u0131 d\u00fczenledi\u011fini, hava savunma sistemlerimizin bu sald\u0131r\u0131ya kar\u015f\u0131 koyarak \u00e7o\u011fu &hellip;<\/p>\n","protected":false},"author":39,"featured_media":278091,"comment_status":"closed","ping_status":"closed","sticky":false,"template":"","format":"standard","meta":{"footnotes":""},"categories":[479,575,17988,478],"tags":[],"class_list":["post-278090","post","type-post","status-publish","format-standard","has-post-thumbnail","","category-haberler-yerel","category-olaylar-ve-gercekler","category-son-haberler","category-yerel"],"_links":{"self":[{"href":"https:\/\/archive.sana.sy\/tr\/index.php?rest_route=\/wp\/v2\/posts\/278090","targetHints":{"allow":["GET"]}}],"collection":[{"href":"https:\/\/archive.sana.sy\/tr\/index.php?rest_route=\/wp\/v2\/posts"}],"about":[{"href":"https:\/\/archive.sana.sy\/tr\/index.php?rest_route=\/wp\/v2\/types\/post"}],"author":[{"embeddable":true,"href":"https:\/\/archive.sana.sy\/tr\/index.php?rest_route=\/wp\/v2\/users\/39"}],"replies":[{"embeddable":true,"href":"https:\/\/archive.sana.sy\/tr\/index.php?rest_route=%2Fwp%2Fv2%2Fcomments&post=278090"}],"version-history":[{"count":0,"href":"https:\/\/archive.sana.sy\/tr\/index.php?rest_route=\/wp\/v2\/posts\/278090\/revisions"}],"wp:featuredmedia":[{"embeddable":true,"href":"https:\/\/archive.sana.sy\/tr\/index.php?rest_route=\/wp\/v2\/media\/278091"}],"wp:attachment":[{"href":"https:\/\/archive.sana.sy\/tr\/index.php?rest_route=%2Fwp%2Fv2%2Fmedia&parent=278090"}],"wp:term":[{"taxonomy":"category","embeddable":true,"href":"https:\/\/archive.sana.sy\/tr\/index.php?rest_route=%2Fwp%2Fv2%2Fcategories&post=278090"},{"taxonomy":"post_tag","embeddable":true,"href":"https:\/\/archive.sana.sy\/tr\/index.php?rest_route=%2Fwp%2Fv2%2Ftags&post=278090"}],"curies":[{"name":"wp","href":"https:\/\/api.w.org\/{rel}","templated":true}]}}