{"id":278099,"date":"2023-04-03T22:21:39","date_gmt":"2023-04-03T19:21:39","guid":{"rendered":"https:\/\/sana.sy\/tr\/?p=278099"},"modified":"2023-04-05T11:21:23","modified_gmt":"2023-04-05T08:21:23","slug":"tunus-cumhurbaskani-suriyedeki-ulkesi-icin-bir-buyukelci-atanmasini-yonetiyor","status":"publish","type":"post","link":"https:\/\/archive.sana.sy\/tr\/?p=278099","title":{"rendered":"Tunus Cumhurba\u015fkan\u0131, Suriye&#8217;deki \u00dclkesi \u0130\u00e7in Bir B\u00fcy\u00fckel\u00e7i Atanmas\u0131 Talimat\u0131n\u0131 Verdi"},"content":{"rendered":"<p><strong>TUNUS \u2013 <\/strong>Tunus Cumhurba\u015fkan\u0131 Kais Saied, D\u0131\u015fi\u015fleri ve G\u00f6\u00e7menler Bakanl\u0131\u011f\u0131&#8217;na Suriye&#8217;deki \u00fclkesi i\u00e7in bir b\u00fcy\u00fckel\u00e7i atama prosed\u00fcrlerini ba\u015flatmas\u0131 talimat\u0131n\u0131 verdi.<\/p>\n<p>Tunus Cumhurba\u015fkanl\u0131\u011f\u0131 ise resmi Facebook sayfas\u0131ndan, Cumhurba\u015fkan\u0131 Saied&#8217;in D\u0131\u015fi\u015fleri, G\u00f6\u00e7menler ve Yurtd\u0131\u015f\u0131ndaki Tunuslular Bakan\u0131 Nabil Ammar ile yapt\u0131\u011f\u0131 g\u00f6r\u00fc\u015fmede Tunus&#8217;un \u015eam b\u00fcy\u00fckel\u00e7isinin atanmas\u0131na ili\u015fkin prosed\u00fcrlerin ba\u015flat\u0131lmas\u0131 talimat\u0131n\u0131 verdi\u011fini belirtti.<\/p>\n<p>Cumhurba\u015fkan\u0131 Saied ayr\u0131ca, Tunus&#8217;un yurtd\u0131\u015f\u0131ndaki tutumunun, \u00fclke i\u00e7indeki halk\u0131n\u0131n iradesinden kaynakland\u0131\u011f\u0131n\u0131n vurgulad\u0131.<\/p>\n<p>Saied, en \u00f6nemlisi hi\u00e7bir eksende yer almamak ve ulusal karar\u0131n ba\u011f\u0131ms\u0131zl\u0131\u011f\u0131 olan Tunus diplomasisinin d\u0131\u015f politikas\u0131n\u0131n ilkelerine ba\u011fl\u0131 kalma gere\u011fini vurgulad\u0131.<\/p>\n<p><a href=\"https:\/\/t.me\/SuriyeArapHaberAjansI\">Telegram Kanal\u0131m\u0131z\u00a0<\/a><\/p>\n<p><a href=\"https:\/\/www.facebook.com\/SANAHaberAjansi\/\">Facebook Sayfam\u0131z<\/a><\/p>\n","protected":false},"excerpt":{"rendered":"<p>TUNUS \u2013 Tunus Cumhurba\u015fkan\u0131 Kais Saied, D\u0131\u015fi\u015fleri ve G\u00f6\u00e7menler Bakanl\u0131\u011f\u0131&#8217;na Suriye&#8217;deki \u00fclkesi i\u00e7in bir b\u00fcy\u00fckel\u00e7i atama prosed\u00fcrlerini ba\u015flatmas\u0131 talimat\u0131n\u0131 verdi. Tunus Cumhurba\u015fkanl\u0131\u011f\u0131 ise resmi Facebook sayfas\u0131ndan, Cumhurba\u015fkan\u0131 Saied&#8217;in D\u0131\u015fi\u015fleri, G\u00f6\u00e7menler ve Yurtd\u0131\u015f\u0131ndaki Tunuslular Bakan\u0131 Nabil Ammar ile yapt\u0131\u011f\u0131 g\u00f6r\u00fc\u015fmede Tunus&#8217;un \u015eam b\u00fcy\u00fckel\u00e7isinin atanmas\u0131na ili\u015fkin prosed\u00fcrlerin ba\u015flat\u0131lmas\u0131 talimat\u0131n\u0131 verdi\u011fini belirtti. Cumhurba\u015fkan\u0131 Saied ayr\u0131ca, Tunus&#8217;un yurtd\u0131\u015f\u0131ndaki tutumunun, &hellip;<\/p>\n","protected":false},"author":39,"featured_media":278100,"comment_status":"closed","ping_status":"closed","sticky":false,"template":"","format":"standard","meta":{"footnotes":""},"categories":[458,459,17988],"tags":[],"class_list":["post-278099","post","type-post","status-publish","format-standard","has-post-thumbnail","","category-dunya1","category-haberler-arap-uluslararasi-politika","category-son-haberler"],"_links":{"self":[{"href":"https:\/\/archive.sana.sy\/tr\/index.php?rest_route=\/wp\/v2\/posts\/278099","targetHints":{"allow":["GET"]}}],"collection":[{"href":"https:\/\/archive.sana.sy\/tr\/index.php?rest_route=\/wp\/v2\/posts"}],"about":[{"href":"https:\/\/archive.sana.sy\/tr\/index.php?rest_route=\/wp\/v2\/types\/post"}],"author":[{"embeddable":true,"href":"https:\/\/archive.sana.sy\/tr\/index.php?rest_route=\/wp\/v2\/users\/39"}],"replies":[{"embeddable":true,"href":"https:\/\/archive.sana.sy\/tr\/index.php?rest_route=%2Fwp%2Fv2%2Fcomments&post=278099"}],"version-history":[{"count":0,"href":"https:\/\/archive.sana.sy\/tr\/index.php?rest_route=\/wp\/v2\/posts\/278099\/revisions"}],"wp:featuredmedia":[{"embeddable":true,"href":"https:\/\/archive.sana.sy\/tr\/index.php?rest_route=\/wp\/v2\/media\/278100"}],"wp:attachment":[{"href":"https:\/\/archive.sana.sy\/tr\/index.php?rest_route=%2Fwp%2Fv2%2Fmedia&parent=278099"}],"wp:term":[{"taxonomy":"category","embeddable":true,"href":"https:\/\/archive.sana.sy\/tr\/index.php?rest_route=%2Fwp%2Fv2%2Fcategories&post=278099"},{"taxonomy":"post_tag","embeddable":true,"href":"https:\/\/archive.sana.sy\/tr\/index.php?rest_route=%2Fwp%2Fv2%2Ftags&post=278099"}],"curies":[{"name":"wp","href":"https:\/\/api.w.org\/{rel}","templated":true}]}}