{"id":278102,"date":"2023-04-04T10:40:39","date_gmt":"2023-04-04T07:40:39","guid":{"rendered":"https:\/\/sana.sy\/tr\/?p=278102"},"modified":"2023-04-05T11:22:33","modified_gmt":"2023-04-05T08:22:33","slug":"suriye-rusya-iran-ve-turkiye-disisleri-bakan-yardimcilarinin-dortlu-toplantisi-basladi","status":"publish","type":"post","link":"https:\/\/archive.sana.sy\/tr\/?p=278102","title":{"rendered":"Suriye, Rusya, \u0130ran Ve T\u00fcrkiye D\u0131\u015fi\u015fleri Bakan Yard\u0131mc\u0131lar\u0131n\u0131n D\u00f6rtl\u00fc Toplant\u0131s\u0131 Ba\u015flad\u0131"},"content":{"rendered":"<p><strong>MOSKOVA<\/strong> \u2013 Rusya D\u0131\u015fi\u015fleri Bakan\u0131 Sergey Lavrov&#8217;un kat\u0131l\u0131m\u0131yla Rusya D\u0131\u015fi\u015fleri Bakanl\u0131\u011f\u0131&#8217;n\u0131n Moskova&#8217;daki misafirhanesinde bug\u00fcn Suriye, Rusya, \u0130ran ve T\u00fcrkiye d\u0131\u015fi\u015fleri bakan yard\u0131mc\u0131lar\u0131n\u0131n d\u00f6rtl\u00fc toplant\u0131s\u0131 ba\u015flad\u0131.<\/p>\n<p>SANA&#8217;n\u0131n Moskova&#8217;daki muhabiri, &#8221;Suriye heyeti toplant\u0131da \u00fc\u00e7 ana noktaya odaklayacak, \u015eu noktalar: Suriye topraklar\u0131ndaki yasad\u0131\u015f\u0131 T\u00fcrk varl\u0131\u011f\u0131n\u0131n sona erdirilmesi, Suriye&#8217;nin i\u00e7i\u015flerine kar\u0131\u015fmama ve ter\u00f6r\u00fcn her bi\u00e7imiyle m\u00fccadele edilmesi\u201d dedi.<\/p>\n<p>Suriye heyeti,\u00a0 d\u00f6rtl\u00fc toplant\u0131ya kat\u0131lmak \u00fczere d\u00fcn Moskova&#8217;ya d\u00fcn gelmi\u015fti ve\u00a0 \u00a0Bunun yan\u0131nda Rusya Devlet Ba\u015fkan\u0131 \u00d6zel Temsilcisi ve Rusya D\u0131\u015fi\u015fleri Bakan Yard\u0131mc\u0131s\u0131 Mihail Bogdanov ve \u0130ran D\u0131\u015fi\u015fleri Bakan\u0131 \u00d6zel Siyasi \u0130\u015flerden Sorumlu K\u0131demli Yard\u0131mc\u0131s\u0131 Ali As\u011fari Haci ile g\u00f6r\u00fc\u015fmelerde bulunmu\u015ftu.<\/p>\n<p><a href=\"https:\/\/t.me\/SuriyeArapHaberAjansI\">Telegram Kanal\u0131m\u0131z\u00a0<\/a><\/p>\n<p><a href=\"https:\/\/www.facebook.com\/SANAHaberAjansi\/\">Facebook Sayfam\u0131z<\/a><\/p>\n","protected":false},"excerpt":{"rendered":"<p>MOSKOVA \u2013 Rusya D\u0131\u015fi\u015fleri Bakan\u0131 Sergey Lavrov&#8217;un kat\u0131l\u0131m\u0131yla Rusya D\u0131\u015fi\u015fleri Bakanl\u0131\u011f\u0131&#8217;n\u0131n Moskova&#8217;daki misafirhanesinde bug\u00fcn Suriye, Rusya, \u0130ran ve T\u00fcrkiye d\u0131\u015fi\u015fleri bakan yard\u0131mc\u0131lar\u0131n\u0131n d\u00f6rtl\u00fc toplant\u0131s\u0131 ba\u015flad\u0131. SANA&#8217;n\u0131n Moskova&#8217;daki muhabiri, &#8221;Suriye heyeti toplant\u0131da \u00fc\u00e7 ana noktaya odaklayacak, \u015eu noktalar: Suriye topraklar\u0131ndaki yasad\u0131\u015f\u0131 T\u00fcrk varl\u0131\u011f\u0131n\u0131n sona erdirilmesi, Suriye&#8217;nin i\u00e7i\u015flerine kar\u0131\u015fmama ve ter\u00f6r\u00fcn her bi\u00e7imiyle m\u00fccadele edilmesi\u201d dedi. Suriye &hellip;<\/p>\n","protected":false},"author":39,"featured_media":278134,"comment_status":"closed","ping_status":"closed","sticky":false,"template":"","format":"standard","meta":{"footnotes":""},"categories":[458,459,17988],"tags":[],"class_list":["post-278102","post","type-post","status-publish","format-standard","has-post-thumbnail","","category-dunya1","category-haberler-arap-uluslararasi-politika","category-son-haberler"],"_links":{"self":[{"href":"https:\/\/archive.sana.sy\/tr\/index.php?rest_route=\/wp\/v2\/posts\/278102","targetHints":{"allow":["GET"]}}],"collection":[{"href":"https:\/\/archive.sana.sy\/tr\/index.php?rest_route=\/wp\/v2\/posts"}],"about":[{"href":"https:\/\/archive.sana.sy\/tr\/index.php?rest_route=\/wp\/v2\/types\/post"}],"author":[{"embeddable":true,"href":"https:\/\/archive.sana.sy\/tr\/index.php?rest_route=\/wp\/v2\/users\/39"}],"replies":[{"embeddable":true,"href":"https:\/\/archive.sana.sy\/tr\/index.php?rest_route=%2Fwp%2Fv2%2Fcomments&post=278102"}],"version-history":[{"count":0,"href":"https:\/\/archive.sana.sy\/tr\/index.php?rest_route=\/wp\/v2\/posts\/278102\/revisions"}],"wp:featuredmedia":[{"embeddable":true,"href":"https:\/\/archive.sana.sy\/tr\/index.php?rest_route=\/wp\/v2\/media\/278134"}],"wp:attachment":[{"href":"https:\/\/archive.sana.sy\/tr\/index.php?rest_route=%2Fwp%2Fv2%2Fmedia&parent=278102"}],"wp:term":[{"taxonomy":"category","embeddable":true,"href":"https:\/\/archive.sana.sy\/tr\/index.php?rest_route=%2Fwp%2Fv2%2Fcategories&post=278102"},{"taxonomy":"post_tag","embeddable":true,"href":"https:\/\/archive.sana.sy\/tr\/index.php?rest_route=%2Fwp%2Fv2%2Ftags&post=278102"}],"curies":[{"name":"wp","href":"https:\/\/api.w.org\/{rel}","templated":true}]}}