{"id":278107,"date":"2023-04-04T09:27:24","date_gmt":"2023-04-04T06:27:24","guid":{"rendered":"https:\/\/sana.sy\/tr\/?p=278107"},"modified":"2023-04-05T11:21:35","modified_gmt":"2023-04-05T08:21:35","slug":"israil-isgal-guclerinin-bati-yakada-duzenledigi-baskinlarda-6-filistinli-yaralandi-ve-digerleri-tutuklandi","status":"publish","type":"post","link":"https:\/\/archive.sana.sy\/tr\/?p=278107","title":{"rendered":"\u0130srail \u0130\u015fgal G\u00fc\u00e7lerinin Bat\u0131 Yaka\u2019da D\u00fczenledi\u011fi Bask\u0131nlarda 6 Filistinli Yaraland\u0131 Ve Di\u011ferleri Tutukland\u0131"},"content":{"rendered":"<p><strong>\u0130\u015eGAL ED\u0130LEN KUD\u00dcS \u2013 <\/strong>\u0130srail i\u015fgal g\u00fc\u00e7lerinin Bat\u0131 Yaka\u2019daki Farkl\u0131 b\u00f6lgelerine d\u00fczenledi\u011fi bask\u0131nlarda 6 Filistinli yaraland\u0131 ve 18 ki\u015fi tutukland\u0131.<\/p>\n<p>Filistinli medyas\u0131, i\u015fgal g\u00fc\u00e7lerinin Beyt\u00fc Lahm&#8217;daki Dhei\u015feh kamp\u0131na ve Ramallah&#8217;taki Kafr Nima kasabas\u0131na ate\u015f a\u00e7arak 6 Filistinliyi yaralad\u0131\u011f\u0131n\u0131 ve 10 ki\u015fiyi tutuklad\u0131\u011f\u0131n\u0131 belirtti.<\/p>\n<p>Filistinli medyas\u0131 ayr\u0131ca, \u0130\u015fgal g\u00fc\u00e7lerinin, Ramallah kentindeki birka\u00e7 mahalleye, Cenin\u2019deki Brkin ve Jaba kasabalar\u0131na, Nablus\u2019daki Hallet El Amud b\u00f6lgesine ve Einabus kasabas\u0131na bask\u0131n d\u00fczenleyerek 8 Filistinliyi tutuklad\u0131\u011f\u0131n\u0131 belirtti.<\/p>\n<p><a href=\"https:\/\/t.me\/SuriyeArapHaberAjansI\">Telgram Kanal\u0131m\u0131z\u00a0<\/a><\/p>\n<p><a href=\"https:\/\/www.facebook.com\/SANAHaberAjansi\/\">Facebook Sayfam\u0131z<\/a><\/p>\n","protected":false},"excerpt":{"rendered":"<p>\u0130\u015eGAL ED\u0130LEN KUD\u00dcS \u2013 \u0130srail i\u015fgal g\u00fc\u00e7lerinin Bat\u0131 Yaka\u2019daki Farkl\u0131 b\u00f6lgelerine d\u00fczenledi\u011fi bask\u0131nlarda 6 Filistinli yaraland\u0131 ve 18 ki\u015fi tutukland\u0131. Filistinli medyas\u0131, i\u015fgal g\u00fc\u00e7lerinin Beyt\u00fc Lahm&#8217;daki Dhei\u015feh kamp\u0131na ve Ramallah&#8217;taki Kafr Nima kasabas\u0131na ate\u015f a\u00e7arak 6 Filistinliyi yaralad\u0131\u011f\u0131n\u0131 ve 10 ki\u015fiyi tutuklad\u0131\u011f\u0131n\u0131 belirtti. Filistinli medyas\u0131 ayr\u0131ca, \u0130\u015fgal g\u00fc\u00e7lerinin, Ramallah kentindeki birka\u00e7 mahalleye, Cenin\u2019deki Brkin ve &hellip;<\/p>\n","protected":false},"author":39,"featured_media":278108,"comment_status":"closed","ping_status":"closed","sticky":false,"template":"","format":"standard","meta":{"footnotes":""},"categories":[458,459,17988],"tags":[],"class_list":["post-278107","post","type-post","status-publish","format-standard","has-post-thumbnail","","category-dunya1","category-haberler-arap-uluslararasi-politika","category-son-haberler"],"_links":{"self":[{"href":"https:\/\/archive.sana.sy\/tr\/index.php?rest_route=\/wp\/v2\/posts\/278107","targetHints":{"allow":["GET"]}}],"collection":[{"href":"https:\/\/archive.sana.sy\/tr\/index.php?rest_route=\/wp\/v2\/posts"}],"about":[{"href":"https:\/\/archive.sana.sy\/tr\/index.php?rest_route=\/wp\/v2\/types\/post"}],"author":[{"embeddable":true,"href":"https:\/\/archive.sana.sy\/tr\/index.php?rest_route=\/wp\/v2\/users\/39"}],"replies":[{"embeddable":true,"href":"https:\/\/archive.sana.sy\/tr\/index.php?rest_route=%2Fwp%2Fv2%2Fcomments&post=278107"}],"version-history":[{"count":0,"href":"https:\/\/archive.sana.sy\/tr\/index.php?rest_route=\/wp\/v2\/posts\/278107\/revisions"}],"wp:featuredmedia":[{"embeddable":true,"href":"https:\/\/archive.sana.sy\/tr\/index.php?rest_route=\/wp\/v2\/media\/278108"}],"wp:attachment":[{"href":"https:\/\/archive.sana.sy\/tr\/index.php?rest_route=%2Fwp%2Fv2%2Fmedia&parent=278107"}],"wp:term":[{"taxonomy":"category","embeddable":true,"href":"https:\/\/archive.sana.sy\/tr\/index.php?rest_route=%2Fwp%2Fv2%2Fcategories&post=278107"},{"taxonomy":"post_tag","embeddable":true,"href":"https:\/\/archive.sana.sy\/tr\/index.php?rest_route=%2Fwp%2Fv2%2Ftags&post=278107"}],"curies":[{"name":"wp","href":"https:\/\/api.w.org\/{rel}","templated":true}]}}