{"id":278128,"date":"2023-04-04T09:45:16","date_gmt":"2023-04-04T06:45:16","guid":{"rendered":"https:\/\/sana.sy\/tr\/?p=278128"},"modified":"2023-04-05T11:21:48","modified_gmt":"2023-04-05T08:21:48","slug":"isgal-suclarina-yanit-olarak-tel-abibde-kahramanca-bir-operasyonda-2-israil-askeri-yaralandi","status":"publish","type":"post","link":"https:\/\/archive.sana.sy\/tr\/?p=278128","title":{"rendered":"\u0130\u015fgal Su\u00e7lar\u0131na Yan\u0131t Olarak\u2026 Tel Aviv\u2019de Kahramanca Bir Operasyonda 2 \u0130srail Askeri Yaraland\u0131"},"content":{"rendered":"<p><strong>\u0130\u015eGAL ED\u0130LEN KUD\u00dcS<\/strong> \u2013 \u0130srail i\u015fgalinin devam eden su\u00e7lar\u0131na yan\u0131t olarak bug\u00fcn bir Filistinli, Tel Aviv\u2019in g\u00fcneyinde kahramanca bir operasyon d\u00fczenleyerek iki \u0130srail askeri yaralad\u0131.<\/p>\n<p>Filistin medyas\u0131, bir Filistinlinin Tel Aviv\u2019in g\u00fcneyindeki bir kav\u015fakta i\u015fgal g\u00fc\u00e7lerinin toplanmas\u0131na geldi\u011fini ve onlar onu tutuklamadan \u00f6nce i\u015fgal g\u00fc\u00e7lerinden ikisini b\u0131\u00e7aklad\u0131\u011f\u0131n\u0131 belirtti.<\/p>\n<p>Filistin direni\u015f gruplar\u0131, bu operasyonun i\u015fgalcilerin Mescid-i Aksa&#8217;ya y\u00f6nelik sald\u0131r\u0131lar\u0131na ve yerle\u015fimcilerin cami avlular\u0131na y\u00f6nelik bask\u0131nlar\u0131na bir yan\u0131t oldu\u011funu do\u011frulayarak Filistin halk\u0131n\u0131n i\u015fgale kar\u015f\u0131 direni\u015f yoluna devam edece\u011fini, varl\u0131\u011f\u0131n\u0131, topraklar\u0131n\u0131 ve kutsall\u0131\u011f\u0131n\u0131 var g\u00fcc\u00fcyle savunaca\u011f\u0131n\u0131, i\u015fgalin Mescid-i Aksa&#8217;y\u0131 Yahudile\u015ftirmesine izin vermeyece\u011fini vurgulad\u0131.<\/p>\n<p><a href=\"https:\/\/t.me\/SuriyeArapHaberAjansI\">Telegram Kanal\u0131m\u0131z\u00a0<\/a><\/p>\n<p><a href=\"https:\/\/www.facebook.com\/SANAHaberAjansi\/\">Facebook Sayfam\u0131z<\/a><\/p>\n","protected":false},"excerpt":{"rendered":"<p>\u0130\u015eGAL ED\u0130LEN KUD\u00dcS \u2013 \u0130srail i\u015fgalinin devam eden su\u00e7lar\u0131na yan\u0131t olarak bug\u00fcn bir Filistinli, Tel Aviv\u2019in g\u00fcneyinde kahramanca bir operasyon d\u00fczenleyerek iki \u0130srail askeri yaralad\u0131. Filistin medyas\u0131, bir Filistinlinin Tel Aviv\u2019in g\u00fcneyindeki bir kav\u015fakta i\u015fgal g\u00fc\u00e7lerinin toplanmas\u0131na geldi\u011fini ve onlar onu tutuklamadan \u00f6nce i\u015fgal g\u00fc\u00e7lerinden ikisini b\u0131\u00e7aklad\u0131\u011f\u0131n\u0131 belirtti. Filistin direni\u015f gruplar\u0131, bu operasyonun i\u015fgalcilerin Mescid-i &hellip;<\/p>\n","protected":false},"author":39,"featured_media":278129,"comment_status":"closed","ping_status":"closed","sticky":false,"template":"","format":"standard","meta":{"footnotes":""},"categories":[458,459,17988],"tags":[],"class_list":["post-278128","post","type-post","status-publish","format-standard","has-post-thumbnail","","category-dunya1","category-haberler-arap-uluslararasi-politika","category-son-haberler"],"_links":{"self":[{"href":"https:\/\/archive.sana.sy\/tr\/index.php?rest_route=\/wp\/v2\/posts\/278128","targetHints":{"allow":["GET"]}}],"collection":[{"href":"https:\/\/archive.sana.sy\/tr\/index.php?rest_route=\/wp\/v2\/posts"}],"about":[{"href":"https:\/\/archive.sana.sy\/tr\/index.php?rest_route=\/wp\/v2\/types\/post"}],"author":[{"embeddable":true,"href":"https:\/\/archive.sana.sy\/tr\/index.php?rest_route=\/wp\/v2\/users\/39"}],"replies":[{"embeddable":true,"href":"https:\/\/archive.sana.sy\/tr\/index.php?rest_route=%2Fwp%2Fv2%2Fcomments&post=278128"}],"version-history":[{"count":0,"href":"https:\/\/archive.sana.sy\/tr\/index.php?rest_route=\/wp\/v2\/posts\/278128\/revisions"}],"wp:featuredmedia":[{"embeddable":true,"href":"https:\/\/archive.sana.sy\/tr\/index.php?rest_route=\/wp\/v2\/media\/278129"}],"wp:attachment":[{"href":"https:\/\/archive.sana.sy\/tr\/index.php?rest_route=%2Fwp%2Fv2%2Fmedia&parent=278128"}],"wp:term":[{"taxonomy":"category","embeddable":true,"href":"https:\/\/archive.sana.sy\/tr\/index.php?rest_route=%2Fwp%2Fv2%2Fcategories&post=278128"},{"taxonomy":"post_tag","embeddable":true,"href":"https:\/\/archive.sana.sy\/tr\/index.php?rest_route=%2Fwp%2Fv2%2Ftags&post=278128"}],"curies":[{"name":"wp","href":"https:\/\/api.w.org\/{rel}","templated":true}]}}