{"id":278158,"date":"2023-04-04T14:00:32","date_gmt":"2023-04-04T11:00:32","guid":{"rendered":"http:\/\/sana.sy\/tr\/?p=278158"},"modified":"2023-04-05T11:22:43","modified_gmt":"2023-04-05T08:22:43","slug":"rus-savunmasi-400den-fazla-ukrayna-askeri-olduruldu-3-ihasi-dusuruldu","status":"publish","type":"post","link":"https:\/\/archive.sana.sy\/tr\/?p=278158","title":{"rendered":"Rus Savunmas\u0131: 400&#8217;den Fazla Ukrayna Askeri \u00d6ld\u00fcr\u00fcld\u00fc, 3 \u0130HAs\u0131 D\u00fc\u015f\u00fcr\u00fcld\u00fc"},"content":{"rendered":"<p><strong><span style=\"color: #ff0000;\">MOSKOVA<\/span> &#8211; <\/strong>Rusya Savunma Bakanl\u0131\u011f\u0131 bug\u00fcn 400&#8217;den fazla Ukrayna askerinin tasfiye edildi\u011fini, 3 Ukrayna <img loading=\"lazy\" decoding=\"async\" class=\"size-full wp-image-278160 alignright\" src=\"http:\/\/sana.sy\/tr\/wp-content\/uploads\/2023\/04\/1A.jpg\" alt=\"\" width=\"300\" height=\"168\" \/>ordusunun d\u00fc\u015f\u00fcr\u00fcld\u00fc\u011f\u00fcn\u00fc ve Ukrayna kuvvetleri i\u00e7in 3 m\u00fchimmat deposunun imha edildi\u011fini duyurdu.<\/p>\n<p>Bakanl\u0131\u011f\u0131n g\u00fcnl\u00fck a\u00e7\u0131klamas\u0131 \u015f\u00f6yle:<\/p>\n<p><span style=\"color: #0000ff;\"><strong>Kobyansk ekseninde:<\/strong><\/span><\/p>\n<p>Ukrayna kuvvetleri aras\u0131ndaki kay\u0131p say\u0131s\u0131 30&#8217;dan fazla Ukrayna askerine ula\u015ft\u0131 ve bir ob\u00fcs (D20) imha edildi.<\/p>\n<p><span style=\"color: #0000ff;\"><strong>Krasny-Limansk ekseninde:<\/strong><\/span><\/p>\n<p>Rus kuvvetleri 225 kadar Ukrayna askerini ortadan kald\u0131rd\u0131 ve bir Gvozdyka kunda\u011f\u0131 motorlu silah\u0131 ve bir D30 ob\u00fcs\u00fcn\u00fc imha etti.<\/p>\n<p><span style=\"color: #0000ff;\"><strong>Donetsk ekseninde:<\/strong><\/span><\/p>\n<p>65&#8217;e kadar Ukrayna askeri ortadan kald\u0131r\u0131ld\u0131 ve bir D-30 ob\u00fcs imha edildi.<\/p>\n<p><span style=\"color: #0000ff;\"><strong>G\u00fcney Donetsk ve Zaporozhye&#8217;nin eksenlerinde:<\/strong><\/span><\/p>\n<p>Ukrayna kuvvetlerinin kay\u0131plar\u0131 70 Ukrayna askerine ula\u015ft\u0131 ve bir D-20 ob\u00fcs\u00fc imha edildi.<\/p>\n<p><span style=\"color: #0000ff;\"><strong><img loading=\"lazy\" decoding=\"async\" class=\"size-full wp-image-278161 alignright\" src=\"http:\/\/sana.sy\/tr\/wp-content\/uploads\/2023\/04\/2B.jpg\" alt=\"\" width=\"300\" height=\"168\" \/>Herson ekseninde:<\/strong><\/span><\/p>\n<p>Rus kuvvetleri, Herson ekseninde 10 kadar askeri tasfiye etti ve iki adet D-30 ob\u00fcs imha etti.<\/p>\n<p>Bakanl\u0131ktan yap\u0131lan a\u00e7\u0131klamada, Zaporozhye, Kharkov ve Donetsk Cumhuriyeti b\u00f6lgelerinde \u00fc\u00e7 top\u00e7u m\u00fchimmat deposunun yan\u0131 s\u0131ra, Donetsk Cumhuriyeti&#8217;nde Ukrayna kuvvetlerine ait bir f\u00fcze ve top\u00e7u silah\u0131 deposunun imha edildi\u011fi belirtildi.<\/p>\n<p>A\u00e7\u0131klamada, Rus hava savunma sistemlerinin, Donetsk Halk Cumhuriyeti ve Herson b\u00f6lgesindeki \u00fc\u00e7 Ukrayna y\u00fcr\u00fcy\u00fc\u015f\u00fcn\u00fc imha etmenin yan\u0131 s\u0131ra \u00fc\u00e7 HIMARS f\u00fcze rampas\u0131n\u0131 \u00f6nledi\u011fi belirtildi.<\/p>\n<p>&nbsp;<\/p>\n<p>R.M.<\/p>\n<p><a href=\"https:\/\/t.me\/SuriyeArapHaberAjansI\">Telegram Kanal\u0131m\u0131z\u00a0<\/a><\/p>\n<p><a href=\"https:\/\/www.facebook.com\/SANAHaberAjansi\/\">Facebook Sayfam\u0131z<\/a><\/p>\n","protected":false},"excerpt":{"rendered":"<p>MOSKOVA &#8211; Rusya Savunma Bakanl\u0131\u011f\u0131 bug\u00fcn 400&#8217;den fazla Ukrayna askerinin tasfiye edildi\u011fini, 3 Ukrayna ordusunun d\u00fc\u015f\u00fcr\u00fcld\u00fc\u011f\u00fcn\u00fc ve Ukrayna kuvvetleri i\u00e7in 3 m\u00fchimmat deposunun imha edildi\u011fini duyurdu. Bakanl\u0131\u011f\u0131n g\u00fcnl\u00fck a\u00e7\u0131klamas\u0131 \u015f\u00f6yle: Kobyansk ekseninde: Ukrayna kuvvetleri aras\u0131ndaki kay\u0131p say\u0131s\u0131 30&#8217;dan fazla Ukrayna askerine ula\u015ft\u0131 ve bir ob\u00fcs (D20) imha edildi. Krasny-Limansk ekseninde: Rus kuvvetleri 225 kadar Ukrayna &hellip;<\/p>\n","protected":false},"author":41,"featured_media":278159,"comment_status":"closed","ping_status":"closed","sticky":false,"template":"","format":"standard","meta":{"footnotes":""},"categories":[458,459,17988],"tags":[],"class_list":["post-278158","post","type-post","status-publish","format-standard","has-post-thumbnail","","category-dunya1","category-haberler-arap-uluslararasi-politika","category-son-haberler"],"_links":{"self":[{"href":"https:\/\/archive.sana.sy\/tr\/index.php?rest_route=\/wp\/v2\/posts\/278158","targetHints":{"allow":["GET"]}}],"collection":[{"href":"https:\/\/archive.sana.sy\/tr\/index.php?rest_route=\/wp\/v2\/posts"}],"about":[{"href":"https:\/\/archive.sana.sy\/tr\/index.php?rest_route=\/wp\/v2\/types\/post"}],"author":[{"embeddable":true,"href":"https:\/\/archive.sana.sy\/tr\/index.php?rest_route=\/wp\/v2\/users\/41"}],"replies":[{"embeddable":true,"href":"https:\/\/archive.sana.sy\/tr\/index.php?rest_route=%2Fwp%2Fv2%2Fcomments&post=278158"}],"version-history":[{"count":0,"href":"https:\/\/archive.sana.sy\/tr\/index.php?rest_route=\/wp\/v2\/posts\/278158\/revisions"}],"wp:featuredmedia":[{"embeddable":true,"href":"https:\/\/archive.sana.sy\/tr\/index.php?rest_route=\/wp\/v2\/media\/278159"}],"wp:attachment":[{"href":"https:\/\/archive.sana.sy\/tr\/index.php?rest_route=%2Fwp%2Fv2%2Fmedia&parent=278158"}],"wp:term":[{"taxonomy":"category","embeddable":true,"href":"https:\/\/archive.sana.sy\/tr\/index.php?rest_route=%2Fwp%2Fv2%2Fcategories&post=278158"},{"taxonomy":"post_tag","embeddable":true,"href":"https:\/\/archive.sana.sy\/tr\/index.php?rest_route=%2Fwp%2Fv2%2Ftags&post=278158"}],"curies":[{"name":"wp","href":"https:\/\/api.w.org\/{rel}","templated":true}]}}