{"id":27819,"date":"2015-03-27T18:37:34","date_gmt":"2015-03-27T15:37:34","guid":{"rendered":"http:\/\/www.sana.sy\/tr\/?p=27819"},"modified":"2015-03-28T15:17:39","modified_gmt":"2015-03-28T12:17:39","slug":"sanli-vatan-topraklari-teror-ve-destekcileri-icin-mezar-oluyor-2","status":"publish","type":"post","link":"https:\/\/archive.sana.sy\/tr\/?p=27819","title":{"rendered":"\u015eanl\u0131 Vatan Topraklar\u0131 Ter\u00f6r ve Destek\u00e7ileri \u0130\u00e7in Mezar Oluyor"},"content":{"rendered":"<p>\u0130LLER \u2013 D\u00f6rt y\u0131l\u0131 a\u015fk\u0131n bir s\u00fcredir \u00fclkenin d\u00f6rt bir yan\u0131nda ter\u00f6re kar\u015f\u0131 destans\u0131 bir m\u00fccadele sergileyen kahraman birliklerimiz; binlerce y\u0131l \u00f6ncesinden gelen uygarl\u0131k, vatanseverlik ve insanl\u0131k k\u00fclt\u00fcr\u00fcn\u00fcn k\u00f6k sald\u0131\u011f\u0131 \u015fanl\u0131 vatan topraklar\u0131n\u0131n ter\u00f6r ve destek\u00e7ileri i\u00e7in batakl\u0131k ve mezardan ba\u015fka bir \u015fey olamayaca\u011f\u0131n\u0131 kan\u0131tl\u0131yor.<\/p>\n<p><span style=\"color: #0000ff\">\u0130dlib K\u0131rsal\u0131nda Ter\u00f6r \u00d6rg\u00fctlerin Toplanma Yerleri Hedef Al\u0131nd\u0131<\/span><\/p>\n<p>Askeri kaynak; ordu birliklerimizin \u0130dlib Kentinin \u00e7evresinde onlarca ter\u00f6risti az\u0131l\u0131 komutanlar\u0131yla birlikte \u00f6l\u00fc ve yaral\u0131 d\u00fc\u015f\u00fcr\u00fcp silah ve m\u00fchimmat\u0131n\u0131 da imha ettiklerini s\u00f6yledi.<\/p>\n<p>Ordu birliklerimizin \u0130dlib Kentinin do\u011fu civar\u0131nda ise ter\u00f6r \u00e7etelerini kovalama operasyonlar\u0131n\u0131 s\u00fcrd\u00fcrd\u00fcklerini aktaran kaynak; y\u00fcksek say\u0131da ter\u00f6risti \u00f6ld\u00fcrd\u00fcklerini s\u00f6zlerine ekledi.<\/p>\n<p>\u0130dlib k\u0131rsal\u0131 Bekfalon, Fiylon ve Mertin b\u00f6lgelerinde ter\u00f6r \u00f6rg\u00fctlerinin toplanma yerleri ve mevkilerini hedef alan hava kuvvetlerimiz ise; \u00e7ok say\u0131da ter\u00f6risti \u00f6l\u00fc ve yaral\u0131 d\u00fc\u015f\u00fcrd\u00fc. Benni\u015f B\u00f6lgesinde de cephane depolar\u0131 muhtevalar\u0131yla imha edildi.<\/p>\n<p>\u00d6te yandan ter\u00f6r \u00e7eteleri medya ara\u00e7lar\u0131nda \u2018Kefroma B\u00f6lgesinde Nusra Cephesinin Emiri\u2019 Abdullah \u015eertah\u2019\u0131n \u00f6ld\u00fc\u011f\u00fcn\u00fc itiraf etti.<\/p>\n<p><span style=\"color: #0000ff\">Kunaytra K\u0131rsal\u0131nda \u00c7ok say\u0131da Ter\u00f6rist \u00d6l\u00fc ve Yaral\u0131 D\u00fc\u015f\u00fcr\u00fcld\u00fc<\/span><\/p>\n<p>Ordu birliklerimiz Kunaytra k\u0131rsal\u0131 Meshara Beldesinde Nusra Cephesi ve di\u011fer tekfiri \u00f6rg\u00fctlerin toplanma yerlerini yo\u011fun ate\u015fe tutarak ter\u00f6ristlerin havzalar\u0131nda bulunan birka\u00e7 arac\u0131, silah ve m\u00fchimmat\u0131 da imha edip \u00e7ok say\u0131da ter\u00f6risti \u00f6l\u00fc ve yaral\u0131 d\u00fc\u015f\u00fcrd\u00fc.<\/p>\n<p>Halep K\u0131rsal\u0131nda Ter\u00f6ristlerin Yuvalar\u0131 Muhtevalar\u0131yla \u0130mha Edildi<\/p>\n<p>Askeri kaynak; ordu birliklerimizin Halep k\u0131rsal\u0131n\u0131n kuzeyi Duveyr el Zeyton, Tel Msiyben ve Handerat b\u00f6lgelerine ilaveten kuzey ve g\u00fcney Mellah \u00e7iftliklerinin \u00e7evresinde ter\u00f6ristlere ait yuva ve k\u00fcmelenme yerlerini hedef ald\u0131klar\u0131n\u0131 belirtti. Kaynak; \u00e7ok say\u0131da ter\u00f6ristin \u00f6l\u00fc ve yaral\u0131 d\u00fc\u015f\u00fcr\u00fcld\u00fc\u011f\u00fcn\u00fc s\u00f6yledi.<\/p>\n<p>Bu arada Halep Kentinin bat\u0131s\u0131 Han el Asel B\u00f6lgesinde tekfircilere kar\u015f\u0131 nitelikli operasyonlar\u0131n\u0131 s\u00fcren ordu birliklerimiz; ter\u00f6ristlerin saflar\u0131nda a\u011f\u0131r kay\u0131plara yol a\u00e7t\u0131.<\/p>\n<p><span style=\"line-height: 1.5;color: #0000ff\">Homs K\u0131rsal\u0131nda Operasyonlar S\u00fcr\u00fcyor\u200f<\/span><\/p>\n<p><span style=\"line-height: 1.5\">Di\u011fer yandan ordu birliklerimizin Homs Kentinin 13 km kuzeyine d\u00fc\u015fen Telbise B\u00f6lgesine tabi Um \u015eer\u015fuh ve \u011eanto b\u00f6lgelerinde ter\u00f6ristlerin yuva ve karargahlar\u0131n\u0131 imha etmeleriyle aralar\u0131nda az\u0131l\u0131 ve yabanc\u0131 ter\u00f6ristlerin bulundu\u011fu onlarca tekfirciyi etkisizle\u015ftirdi. Ayn\u0131 zamanda ter\u00f6ristlerin yol kesme barikat ve siper kurmada kulland\u0131klar\u0131 iki dozer onlar\u0131 kullanan ter\u00f6ristlerle birlikte imha edildi.<\/span><\/p>\n<p>Homs k\u0131rsal\u0131n\u0131n do\u011fusu ve kuzeyinin muhtelif b\u00f6lgelerinde ter\u00f6r karargahlar\u0131 ve k\u00fcmelenme yerlerine y\u00f6nelik operasyonlar\u0131n\u0131 s\u00fcrd\u00fcren ordu birliklerimiz, aralar\u0131nda saha komutanlar\u0131 ve yabanc\u0131lar\u0131n bulundu\u011fu \u00e7ok say\u0131da ter\u00f6risti te\u00e7hizatlar\u0131yla birlikte etkisizle\u015ftirdi.<\/p>\n<p>M.M. &#8211; A.A.<\/p>\n","protected":false},"excerpt":{"rendered":"<p>\u0130LLER \u2013 D\u00f6rt y\u0131l\u0131 a\u015fk\u0131n bir s\u00fcredir \u00fclkenin d\u00f6rt bir yan\u0131nda ter\u00f6re kar\u015f\u0131 destans\u0131 bir m\u00fccadele sergileyen kahraman birliklerimiz; binlerce y\u0131l \u00f6ncesinden gelen uygarl\u0131k, vatanseverlik ve insanl\u0131k k\u00fclt\u00fcr\u00fcn\u00fcn k\u00f6k sald\u0131\u011f\u0131 \u015fanl\u0131 vatan topraklar\u0131n\u0131n ter\u00f6r ve destek\u00e7ileri i\u00e7in batakl\u0131k ve mezardan ba\u015fka bir \u015fey olamayaca\u011f\u0131n\u0131 kan\u0131tl\u0131yor. \u0130dlib K\u0131rsal\u0131nda Ter\u00f6r \u00d6rg\u00fctlerin Toplanma Yerleri Hedef Al\u0131nd\u0131 Askeri kaynak; &hellip;<\/p>\n","protected":false},"author":1,"featured_media":27820,"comment_status":"closed","ping_status":"closed","sticky":false,"template":"","format":"standard","meta":{"footnotes":""},"categories":[575],"tags":[13022,746,13023],"class_list":["post-27819","post","type-post","status-publish","format-standard","has-post-thumbnail","","category-olaylar-ve-gercekler","tag-iller-dort-yili-askin-bir-suredir-ulkenin-dort-bir-yaninda-terore-karsi-destansi-bir-mucadele-sergileyen-kahraman-birliklerimiz-binlerce-yil-oncesinden-gelen-uygarlik","tag-sanli-vatan-topraklari-teror-ve-destekcileri-icin-mezar-oluyor","tag-vatanseverlik-ve-insanlik-kulturunun-kok-saldigi-sanli-vatan-topraklarinin-teror-ve-destekcileri-icin-bataklik-ve-mezardan-baska-bir-sey-olamayacagini-kanitliyor"],"_links":{"self":[{"href":"https:\/\/archive.sana.sy\/tr\/index.php?rest_route=\/wp\/v2\/posts\/27819","targetHints":{"allow":["GET"]}}],"collection":[{"href":"https:\/\/archive.sana.sy\/tr\/index.php?rest_route=\/wp\/v2\/posts"}],"about":[{"href":"https:\/\/archive.sana.sy\/tr\/index.php?rest_route=\/wp\/v2\/types\/post"}],"author":[{"embeddable":true,"href":"https:\/\/archive.sana.sy\/tr\/index.php?rest_route=\/wp\/v2\/users\/1"}],"replies":[{"embeddable":true,"href":"https:\/\/archive.sana.sy\/tr\/index.php?rest_route=%2Fwp%2Fv2%2Fcomments&post=27819"}],"version-history":[{"count":0,"href":"https:\/\/archive.sana.sy\/tr\/index.php?rest_route=\/wp\/v2\/posts\/27819\/revisions"}],"wp:featuredmedia":[{"embeddable":true,"href":"https:\/\/archive.sana.sy\/tr\/index.php?rest_route=\/wp\/v2\/media\/27820"}],"wp:attachment":[{"href":"https:\/\/archive.sana.sy\/tr\/index.php?rest_route=%2Fwp%2Fv2%2Fmedia&parent=27819"}],"wp:term":[{"taxonomy":"category","embeddable":true,"href":"https:\/\/archive.sana.sy\/tr\/index.php?rest_route=%2Fwp%2Fv2%2Fcategories&post=27819"},{"taxonomy":"post_tag","embeddable":true,"href":"https:\/\/archive.sana.sy\/tr\/index.php?rest_route=%2Fwp%2Fv2%2Ftags&post=27819"}],"curies":[{"name":"wp","href":"https:\/\/api.w.org\/{rel}","templated":true}]}}