{"id":2782,"date":"2014-06-11T12:20:53","date_gmt":"2014-06-11T09:20:53","guid":{"rendered":"http:\/\/sanasyria.org\/tr\/?p=2782"},"modified":"2014-06-14T14:02:30","modified_gmt":"2014-06-14T11:02:30","slug":"pillay-gercekleri-gormezden-gelmeye-devam-ediyor","status":"publish","type":"post","link":"https:\/\/archive.sana.sy\/tr\/?p=2782","title":{"rendered":"Pillay Ger\u00e7ekleri G\u00f6rmezden Gelmeye Devam Ediyor"},"content":{"rendered":"<p>CENEVRE \u2013 Birle\u015fmi\u015f Milletlerin Cenevre&#8217;deki Merkezinde Suriye Temsilcili\u011fi Maslahatg\u00fczar\u0131 Muhammed el Muhammed Uluslar aras\u0131 \u00d6rg\u00fctte \u0130nsan Haklar\u0131 Y\u00fcksek Komiseri Navi Pillay\u2019\u0131n Suriye&#8217;de krizin s\u00fcrmesinde silahl\u0131 ter\u00f6r gruplar\u0131n rol\u00fcn\u00fc g\u00f6z ard\u0131 etmeye devam etti\u011fini belirtti.<\/p>\n<p>\u0130nsan Haklar\u0131 Konseyinin d\u00fcn Cenevre&#8217;de d\u00fczenledi\u011fi 26. Oturumunda Suriye Arap Cumhuriyetinin beyan\u0131n\u0131 okuyan Muhammed; Pillay\u2019\u0131n ter\u00f6r gruplar\u0131n\u0131n rol\u00fcn\u00fc ve eylemlerini g\u00f6z ard\u0131 etmeye devam etti\u011fini; \u00e7ok uluslu bu ter\u00f6r gruplar\u0131 ile anayasa ve kanunlar gere\u011fince vatanda\u015flar\u0131n\u0131 koruma sorumlulu\u011funu yerine getiren egemen ve ba\u011f\u0131ms\u0131z devleti bir tuttu\u011funa dikkat \u00e7ekti.<\/p>\n<p>Suriye&#8217;de bulunan ter\u00f6r gruplar\u0131n\u0131n b\u00fcy\u00fck \u00e7o\u011funlu\u011funun d\u00fcnyan\u0131n muhtelif devletlerinden gelen tekfirci ve kiral\u0131k ter\u00f6ristlerden olduklar\u0131n\u0131n kan\u0131tlarla tespit edilmi\u015f olup bunu herkesin itiraf etti\u011fine vurgu yapan Muhammed; Pillay\u2019\u0131n, kimi devletler taraf\u0131ndan aleni olarak desteklenen bu ter\u00f6r gruplar\u0131 ve eylemlerini k\u0131nama sorumlulu\u011fundan ka\u00e7mas\u0131n\u0131n esef verici oldu\u011funu s\u00f6yledi.<br \/>\nPillay oturumda Suriye h\u00fck\u00fcmetinin Suriye&#8217;de \u015fiddete son vermekle birlikte bar\u0131\u015f\u00e7\u0131l \u00e7\u00f6z\u00fcm sa\u011flama \u00e7a\u011fr\u0131lar\u0131ndan ka\u00e7\u0131nd\u0131\u011f\u0131n\u0131 iddia ederek Halep ilindeki durumlara de\u011finmi\u015fti.<\/p>\n<p>Muhammed konu\u015fmas\u0131nda d\u0131\u015f taraflar ve devletlerin deste\u011fi ve komutas\u0131ndaki silahl\u0131 ter\u00f6r gruplar\u0131n\u0131n Halep\u2019te masum sivil halk\u0131 toplu bir \u015fekilde cezaland\u0131rd\u0131klar\u0131na dikkat \u00e7ekerek, Pillay ve Suriye halk\u0131 ad\u0131na timsah g\u00f6zya\u015flar\u0131 d\u00f6kenlerin t\u00fcm bunlar\u0131 ve ter\u00f6ristlerin sivil yerle\u015fim alanlar\u0131n\u0131 havan ve roketlerle hedef almalar\u0131n\u0131 g\u00f6rmezden geldiklerine dikkat \u00e7ekti.<\/p>\n","protected":false},"excerpt":{"rendered":"<p>CENEVRE \u2013 Birle\u015fmi\u015f Milletlerin Cenevre&#8217;deki Merkezinde Suriye Temsilcili\u011fi Maslahatg\u00fczar\u0131 Muhammed el Muhammed Uluslar aras\u0131 \u00d6rg\u00fctte \u0130nsan Haklar\u0131 Y\u00fcksek Komiseri Navi Pillay\u2019\u0131n Suriye&#8217;de krizin s\u00fcrmesinde silahl\u0131 ter\u00f6r gruplar\u0131n rol\u00fcn\u00fc g\u00f6z ard\u0131 etmeye devam etti\u011fini belirtti. \u0130nsan Haklar\u0131 Konseyinin d\u00fcn Cenevre&#8217;de d\u00fczenledi\u011fi 26. Oturumunda Suriye Arap Cumhuriyetinin beyan\u0131n\u0131 okuyan Muhammed; Pillay\u2019\u0131n ter\u00f6r gruplar\u0131n\u0131n rol\u00fcn\u00fc ve eylemlerini g\u00f6z &hellip;<\/p>\n","protected":false},"author":1,"featured_media":2783,"comment_status":"closed","ping_status":"closed","sticky":false,"template":"","format":"standard","meta":{"footnotes":""},"categories":[458,459,447],"tags":[625],"class_list":["post-2782","post","type-post","status-publish","format-standard","has-post-thumbnail","","category-dunya1","category-haberler-arap-uluslararasi-politika","category-politika","tag-pillay-gercekleri-gormezden-gelmeye-devam-ediyor"],"_links":{"self":[{"href":"https:\/\/archive.sana.sy\/tr\/index.php?rest_route=\/wp\/v2\/posts\/2782","targetHints":{"allow":["GET"]}}],"collection":[{"href":"https:\/\/archive.sana.sy\/tr\/index.php?rest_route=\/wp\/v2\/posts"}],"about":[{"href":"https:\/\/archive.sana.sy\/tr\/index.php?rest_route=\/wp\/v2\/types\/post"}],"author":[{"embeddable":true,"href":"https:\/\/archive.sana.sy\/tr\/index.php?rest_route=\/wp\/v2\/users\/1"}],"replies":[{"embeddable":true,"href":"https:\/\/archive.sana.sy\/tr\/index.php?rest_route=%2Fwp%2Fv2%2Fcomments&post=2782"}],"version-history":[{"count":0,"href":"https:\/\/archive.sana.sy\/tr\/index.php?rest_route=\/wp\/v2\/posts\/2782\/revisions"}],"wp:featuredmedia":[{"embeddable":true,"href":"https:\/\/archive.sana.sy\/tr\/index.php?rest_route=\/wp\/v2\/media\/2783"}],"wp:attachment":[{"href":"https:\/\/archive.sana.sy\/tr\/index.php?rest_route=%2Fwp%2Fv2%2Fmedia&parent=2782"}],"wp:term":[{"taxonomy":"category","embeddable":true,"href":"https:\/\/archive.sana.sy\/tr\/index.php?rest_route=%2Fwp%2Fv2%2Fcategories&post=2782"},{"taxonomy":"post_tag","embeddable":true,"href":"https:\/\/archive.sana.sy\/tr\/index.php?rest_route=%2Fwp%2Fv2%2Ftags&post=2782"}],"curies":[{"name":"wp","href":"https:\/\/api.w.org\/{rel}","templated":true}]}}