{"id":27822,"date":"2015-03-28T11:06:30","date_gmt":"2015-03-28T08:06:30","guid":{"rendered":"http:\/\/www.sana.sy\/tr\/?p=27822"},"modified":"2015-03-28T11:06:30","modified_gmt":"2015-03-28T08:06:30","slug":"askeri-kaynak-ordu-birliklerimizin-halep-kirsali-uveyca-menasir-sakif-deyr-el-zeytun-cevresi-bati-baskoy-belde-ve-koylerinde-terorist-orgutlerin-toplanma-merkezlerini-hedef-aldiklarini-belirtti","status":"publish","type":"post","link":"https:\/\/archive.sana.sy\/tr\/?p=27822","title":{"rendered":"askeri kaynak ordu birliklerimizin Halep k\u0131rsal\u0131 Uveyca, Mena\u015fir, \u015eakif, Deyr el Zeytun \u00e7evresi, bat\u0131 Ba\u015fk\u00f6y Belde ve K\u00f6ylerinde ter\u00f6rist \u00f6rg\u00fctlerin toplanma merkezlerini hedef ald\u0131klar\u0131n\u0131 belirtti."},"content":{"rendered":"<p>askeri kaynak ordu birliklerimizin Halep k\u0131rsal\u0131 Uveyca, Mena\u015fir, \u015eakif, Deyr el Zeytun \u00e7evresi, bat\u0131 Ba\u015fk\u00f6y Belde ve K\u00f6ylerinde ter\u00f6rist \u00f6rg\u00fctlerin toplanma merkezlerini hedef ald\u0131klar\u0131n\u0131 belirtti.<\/p>\n","protected":false},"excerpt":{"rendered":"<p>askeri kaynak ordu birliklerimizin Halep k\u0131rsal\u0131 Uveyca, Mena\u015fir, \u015eakif, Deyr el Zeytun \u00e7evresi, bat\u0131 Ba\u015fk\u00f6y Belde ve K\u00f6ylerinde ter\u00f6rist \u00f6rg\u00fctlerin toplanma merkezlerini hedef ald\u0131klar\u0131n\u0131 belirtti.<\/p>\n","protected":false},"author":1,"featured_media":0,"comment_status":"closed","ping_status":"closed","sticky":false,"template":"","format":"standard","meta":{"footnotes":""},"categories":[1],"tags":[13024,13027,13026,13025,3103],"class_list":["post-27822","post","type-post","status-publish","format-standard","","category-news-not-sorted","tag-askeri-kaynak-ordu-birliklerimizin-halep-kirsali-uveyca","tag-bati-baskoy-belde-ve-koylerinde-terorist-orgutlerin-toplanma-merkezlerini-hedef-aldiklarini-belirtti","tag-deyr-el-zeytun-cevresi","tag-menasir","tag-sakif"],"_links":{"self":[{"href":"https:\/\/archive.sana.sy\/tr\/index.php?rest_route=\/wp\/v2\/posts\/27822","targetHints":{"allow":["GET"]}}],"collection":[{"href":"https:\/\/archive.sana.sy\/tr\/index.php?rest_route=\/wp\/v2\/posts"}],"about":[{"href":"https:\/\/archive.sana.sy\/tr\/index.php?rest_route=\/wp\/v2\/types\/post"}],"author":[{"embeddable":true,"href":"https:\/\/archive.sana.sy\/tr\/index.php?rest_route=\/wp\/v2\/users\/1"}],"replies":[{"embeddable":true,"href":"https:\/\/archive.sana.sy\/tr\/index.php?rest_route=%2Fwp%2Fv2%2Fcomments&post=27822"}],"version-history":[{"count":0,"href":"https:\/\/archive.sana.sy\/tr\/index.php?rest_route=\/wp\/v2\/posts\/27822\/revisions"}],"wp:attachment":[{"href":"https:\/\/archive.sana.sy\/tr\/index.php?rest_route=%2Fwp%2Fv2%2Fmedia&parent=27822"}],"wp:term":[{"taxonomy":"category","embeddable":true,"href":"https:\/\/archive.sana.sy\/tr\/index.php?rest_route=%2Fwp%2Fv2%2Fcategories&post=27822"},{"taxonomy":"post_tag","embeddable":true,"href":"https:\/\/archive.sana.sy\/tr\/index.php?rest_route=%2Fwp%2Fv2%2Ftags&post=27822"}],"curies":[{"name":"wp","href":"https:\/\/api.w.org\/{rel}","templated":true}]}}