{"id":27824,"date":"2015-03-28T11:38:13","date_gmt":"2015-03-28T08:38:13","guid":{"rendered":"http:\/\/www.sana.sy\/tr\/?p=27824"},"modified":"2015-03-28T11:56:11","modified_gmt":"2015-03-28T08:56:11","slug":"nasrullah-suudi-rejimi-suriyede-siyasi-cozumu-reddediyor","status":"publish","type":"post","link":"https:\/\/archive.sana.sy\/tr\/?p=27824","title":{"rendered":"Nasrullah: Suudi Rejimi Suriye\u2019de Siyasi \u00c7\u00f6z\u00fcm\u00fc Reddediyor"},"content":{"rendered":"<p>BEYRUT &#8211; L\u00fcbnanl\u0131 Hizbullah Genel Sekreteri Hasan Nasrullah, Suudi Arabistan\u2019\u0131n Yemen\u2019e y\u00f6nelik sald\u0131r\u0131s\u0131n\u0131n arkas\u0131ndaki ger\u00e7ek sebebin \u00c2l Suud prenslerinin kaybettikleri hegemonyac\u0131l\u0131\u011f\u0131 yeniden kazanma oldu\u011funu belirtti.<\/p>\n<p>Nasrullah d\u00fcn yapt\u0131\u011f\u0131 konu\u015fmas\u0131nda, Suudi Arabistan\u2019\u0131n Yemen\u2019e y\u00f6nelik haks\u0131z sald\u0131r\u0131s\u0131n\u0131 \u015fiddetle k\u0131nad\u0131.<\/p>\n<p>Nasrullah, Suudi Arabistan akl\u0131ndaki cevheri problemin halklar\u0131 veya iradelerini tan\u0131mamalar\u0131 oldu\u011funu vurgulad\u0131.<\/p>\n<p>Yemen\u2019e y\u00f6nelik gerek\u00e7enin ba\u015fkan meselesi de\u011fil bundan daha derin oldu\u011funu ifade eden Nasrullah, Suudi Arabistan\u2019\u0131n yanl\u0131\u015f d\u0131\u015f politikalar\u0131 sebebiyle b\u00f6lgenin \u0130ran \u00f6n\u00fcnde a\u00e7\u0131k kalmas\u0131n\u0131 sa\u011flad\u0131\u011f\u0131n\u0131 s\u00f6yledi.<\/p>\n<p>Nasrullah, Yemen\u2019e y\u00f6nelik hava sald\u0131r\u0131lar\u0131na kat\u0131lan Arap \u00fclkelerinin Filistin i\u00e7in k\u0131l\u0131n\u0131 bile k\u0131p\u0131rdatmad\u0131\u011f\u0131n\u0131 vurgulad\u0131.<\/p>\n<p>Nasrullah, I\u015e\u0130D ter\u00f6r \u00f6rg\u00fct\u00fcn\u00fc Suriye ve Irak\u2019\u0131 d\u00fc\u015f\u00fcrmek i\u00e7in getirdi\u011fini, finanse etti\u011fini ve silahland\u0131rd\u0131\u011f\u0131n\u0131 s\u00f6yledi.<\/p>\n<p>Nasrullah, Suudi rejimi ile ortaklar\u0131n\u0131n yerk\u00fcrenin b\u00fct\u00fcn vah\u015fi insanlar\u0131n\u0131 Suriye halk\u0131na yard\u0131m etmek i\u00e7in de\u011fil devleti y\u0131kmak ve Suriye&#8217;nin tebaa olmas\u0131 i\u00e7in Suriye\u2019yi hegemonyalar\u0131 alt\u0131na almalar\u0131 oldu\u011funu, bu u\u011furda Suudi, Katar ve T\u00fcrkiye\u2019nin bu u\u011furda ne kadar \u00e7aba harcad\u0131klar\u0131n\u0131 \u00e7ok iyi bildi\u011fini s\u00f6yledi.<\/p>\n<p>Nasrullah, s\u00f6z konusu bu \u00fclkelerin Suriye\u2019nin Suudi Arabistan, Katar veya T\u00fcrkiye\u2019ye tabi olmas\u0131 i\u00e7in Cumhurba\u015fkan\u0131 Be\u015f\u015far Esad ile izledikleri politikalar\u0131 da \u00e7ok iyi bildi\u011fini ancak Suriye\u2019nin ba\u011f\u0131ms\u0131z \u00fclke kalmay\u0131 se\u00e7ti\u011fini ifade etti.<\/p>\n<p>Nasrullah, Suriye\u2019yi y\u0131kanlar\u0131n, halk\u0131n\u0131 \u00f6ld\u00fcren ve kesenlerin, Suriye\u2019deki siyasi \u00e7\u00f6z\u00fcm\u00fc reddedenlerin Suudi rejimi ve ortaklar\u0131n\u0131n oldu\u011funu \u00f6yle ki, Suriye dahilinde ve haricindeki Suriyelilerin siyasi \u00e7\u00f6z\u00fcm istediklerini vurgulad\u0131.<\/p>\n<p>Nasrullah, s\u00f6z konusu sava\u015f\u0131n s\u00fcrmesinin rejimi d\u00fc\u015f\u00fcremeyece\u011fini bilakis daha fazla y\u0131k\u0131ma yol a\u00e7aca\u011f\u0131n\u0131 ifade etti.<\/p>\n<p>S.\u015e<\/p>\n","protected":false},"excerpt":{"rendered":"<p>BEYRUT &#8211; L\u00fcbnanl\u0131 Hizbullah Genel Sekreteri Hasan Nasrullah, Suudi Arabistan\u2019\u0131n Yemen\u2019e y\u00f6nelik sald\u0131r\u0131s\u0131n\u0131n arkas\u0131ndaki ger\u00e7ek sebebin \u00c2l Suud prenslerinin kaybettikleri hegemonyac\u0131l\u0131\u011f\u0131 yeniden kazanma oldu\u011funu belirtti. Nasrullah d\u00fcn yapt\u0131\u011f\u0131 konu\u015fmas\u0131nda, Suudi Arabistan\u2019\u0131n Yemen\u2019e y\u00f6nelik haks\u0131z sald\u0131r\u0131s\u0131n\u0131 \u015fiddetle k\u0131nad\u0131. Nasrullah, Suudi Arabistan akl\u0131ndaki cevheri problemin halklar\u0131 veya iradelerini tan\u0131mamalar\u0131 oldu\u011funu vurgulad\u0131. Yemen\u2019e y\u00f6nelik gerek\u00e7enin ba\u015fkan meselesi de\u011fil &hellip;<\/p>\n","protected":false},"author":1,"featured_media":27825,"comment_status":"closed","ping_status":"closed","sticky":false,"template":"","format":"standard","meta":{"footnotes":""},"categories":[458,459,447],"tags":[13028],"class_list":["post-27824","post","type-post","status-publish","format-standard","has-post-thumbnail","","category-dunya1","category-haberler-arap-uluslararasi-politika","category-politika","tag-nasrullah-suudi-rejimi-suriyede-siyasi-cozumu-reddediyor"],"_links":{"self":[{"href":"https:\/\/archive.sana.sy\/tr\/index.php?rest_route=\/wp\/v2\/posts\/27824","targetHints":{"allow":["GET"]}}],"collection":[{"href":"https:\/\/archive.sana.sy\/tr\/index.php?rest_route=\/wp\/v2\/posts"}],"about":[{"href":"https:\/\/archive.sana.sy\/tr\/index.php?rest_route=\/wp\/v2\/types\/post"}],"author":[{"embeddable":true,"href":"https:\/\/archive.sana.sy\/tr\/index.php?rest_route=\/wp\/v2\/users\/1"}],"replies":[{"embeddable":true,"href":"https:\/\/archive.sana.sy\/tr\/index.php?rest_route=%2Fwp%2Fv2%2Fcomments&post=27824"}],"version-history":[{"count":0,"href":"https:\/\/archive.sana.sy\/tr\/index.php?rest_route=\/wp\/v2\/posts\/27824\/revisions"}],"wp:featuredmedia":[{"embeddable":true,"href":"https:\/\/archive.sana.sy\/tr\/index.php?rest_route=\/wp\/v2\/media\/27825"}],"wp:attachment":[{"href":"https:\/\/archive.sana.sy\/tr\/index.php?rest_route=%2Fwp%2Fv2%2Fmedia&parent=27824"}],"wp:term":[{"taxonomy":"category","embeddable":true,"href":"https:\/\/archive.sana.sy\/tr\/index.php?rest_route=%2Fwp%2Fv2%2Fcategories&post=27824"},{"taxonomy":"post_tag","embeddable":true,"href":"https:\/\/archive.sana.sy\/tr\/index.php?rest_route=%2Fwp%2Fv2%2Ftags&post=27824"}],"curies":[{"name":"wp","href":"https:\/\/api.w.org\/{rel}","templated":true}]}}