{"id":27827,"date":"2015-03-28T11:43:20","date_gmt":"2015-03-28T08:43:20","guid":{"rendered":"http:\/\/www.sana.sy\/tr\/?p=27827"},"modified":"2015-03-28T11:43:20","modified_gmt":"2015-03-28T08:43:20","slug":"askeri-kaynak-ordu-birliklerimizin-homs-kirsali-telbisede-terorist-orgutlere-tabi-agir-taramali-silahin-monte-edildigi-bir-araci-imha-ettiklerini-dogu-kirsalinda-da-cok-sayida-teroristi-old","status":"publish","type":"post","link":"https:\/\/archive.sana.sy\/tr\/?p=27827","title":{"rendered":"Askeri kaynak, ordu birliklerimizin Homs k\u0131rsal\u0131 Telbise\u2019de Ter\u00f6rist \u00f6rg\u00fctlere tabi a\u011f\u0131r taramal\u0131 silah\u0131n monte edildi\u011fi bir arac\u0131 imha ettiklerini, do\u011fu k\u0131rsal\u0131nda da \u00e7ok say\u0131da ter\u00f6risti \u00f6ld\u00fcrd\u00fcklerini s\u00f6yledi."},"content":{"rendered":"<p>Askeri kaynak, ordu birliklerimizin Homs k\u0131rsal\u0131 Telbise\u2019de Ter\u00f6rist \u00f6rg\u00fctlere tabi a\u011f\u0131r taramal\u0131 silah\u0131n monte edildi\u011fi bir arac\u0131 imha ettiklerini, do\u011fu k\u0131rsal\u0131nda da \u00e7ok say\u0131da ter\u00f6risti \u00f6ld\u00fcrd\u00fcklerini s\u00f6yledi.<\/p>\n","protected":false},"excerpt":{"rendered":"<p>Askeri kaynak, ordu birliklerimizin Homs k\u0131rsal\u0131 Telbise\u2019de Ter\u00f6rist \u00f6rg\u00fctlere tabi a\u011f\u0131r taramal\u0131 silah\u0131n monte edildi\u011fi bir arac\u0131 imha ettiklerini, do\u011fu k\u0131rsal\u0131nda da \u00e7ok say\u0131da ter\u00f6risti \u00f6ld\u00fcrd\u00fcklerini s\u00f6yledi.<\/p>\n","protected":false},"author":1,"featured_media":0,"comment_status":"closed","ping_status":"closed","sticky":false,"template":"","format":"standard","meta":{"footnotes":""},"categories":[1],"tags":[1031,13030,13029],"class_list":["post-27827","post","type-post","status-publish","format-standard","","category-news-not-sorted","tag-askeri-kaynak","tag-dogu-kirsalinda-da-cok-sayida-teroristi-oldurduklerini-soyledi","tag-ordu-birliklerimizin-homs-kirsali-telbisede-terorist-orgutlere-tabi-agir-taramali-silahin-monte-edildigi-bir-araci-imha-ettiklerini"],"_links":{"self":[{"href":"https:\/\/archive.sana.sy\/tr\/index.php?rest_route=\/wp\/v2\/posts\/27827","targetHints":{"allow":["GET"]}}],"collection":[{"href":"https:\/\/archive.sana.sy\/tr\/index.php?rest_route=\/wp\/v2\/posts"}],"about":[{"href":"https:\/\/archive.sana.sy\/tr\/index.php?rest_route=\/wp\/v2\/types\/post"}],"author":[{"embeddable":true,"href":"https:\/\/archive.sana.sy\/tr\/index.php?rest_route=\/wp\/v2\/users\/1"}],"replies":[{"embeddable":true,"href":"https:\/\/archive.sana.sy\/tr\/index.php?rest_route=%2Fwp%2Fv2%2Fcomments&post=27827"}],"version-history":[{"count":0,"href":"https:\/\/archive.sana.sy\/tr\/index.php?rest_route=\/wp\/v2\/posts\/27827\/revisions"}],"wp:attachment":[{"href":"https:\/\/archive.sana.sy\/tr\/index.php?rest_route=%2Fwp%2Fv2%2Fmedia&parent=27827"}],"wp:term":[{"taxonomy":"category","embeddable":true,"href":"https:\/\/archive.sana.sy\/tr\/index.php?rest_route=%2Fwp%2Fv2%2Fcategories&post=27827"},{"taxonomy":"post_tag","embeddable":true,"href":"https:\/\/archive.sana.sy\/tr\/index.php?rest_route=%2Fwp%2Fv2%2Ftags&post=27827"}],"curies":[{"name":"wp","href":"https:\/\/api.w.org\/{rel}","templated":true}]}}