{"id":27832,"date":"2015-03-28T11:00:19","date_gmt":"2015-03-28T08:00:19","guid":{"rendered":"http:\/\/www.sana.sy\/tr\/?p=27832"},"modified":"2015-03-28T12:44:52","modified_gmt":"2015-03-28T09:44:52","slug":"ala-suriyedeki-durumla-ilgili-karar-tasarisi-nifakla-doludur","status":"publish","type":"post","link":"https:\/\/archive.sana.sy\/tr\/?p=27832","title":{"rendered":"Ala: Suriye\u2019deki Durumla \u0130lgili Karar Tasar\u0131s\u0131 Nifakla Doludur"},"content":{"rendered":"<p>CENEVRE \u2013 Suriye\u2019nin BM Cenevre Daimi Temsilcisi, H\u00fcsameddin Ala, Suriye\u2019deki durumlar konusunda \u0130nsan Haklar\u0131 Konseyi dahilindeki oylama sonu\u00e7lar\u0131n\u0131n Suriye\u2019deki duruma y\u00f6nelik \u00fcyeleri aras\u0131nda b\u00f6l\u00fcnme durumunu yans\u0131tt\u0131\u011f\u0131n\u0131, siyasi hedefler sa\u011flamak i\u00e7in Suriye\u2019de ter\u00f6r\u00fc destekleyen bilinen \u00fclkeler taraf\u0131ndan konsey ve kararlar\u0131n\u0131 istismar ettiklerinin g\u00f6stergesi oldu\u011funu ve bu \u00fclkelerin Suriye\u2019nin i\u00e7i\u015flerine m\u00fcdahale etmede parmaklar\u0131n\u0131n oldu\u011funu \u00f6rtmek i\u00e7in geldi\u011fini s\u00f6yledi.<\/p>\n<p>Ala, Rusya, \u00c7in, K\u00fcba, G\u00fcney Afrika, Cezayir ve Brezilya gibi Konsey dahilindeki \u00f6nemli \u00fclkelerin beyanatlar\u0131nda karar tasar\u0131n\u0131n i\u00e7erdi\u011fi se\u00e7icilik ve dengesizli\u011fi reddettiklerini ifade etti.<\/p>\n<p>Ala, bu \u00fclkelerin Amerika Birle\u015fik Devletleri, \u0130srail, Fransa, Katar, Suudi Arabistan ve \u00dcrd\u00fcn yerine sunulan \u0130ngiltere karar tasar\u0131s\u0131n\u0131 reddetmekle tutumlar\u0131n\u0131 terc\u00fcme ettiklerini, karar tasar\u0131s\u0131na ret oyu kullananlar\u0131n konsey \u00fcyelerinin \u00fc\u00e7te birini a\u015ft\u0131\u011f\u0131n\u0131 s\u00f6yledi.<\/p>\n<p>B\u00fcy\u00fckel\u00e7i Ala, \u0130ngiltere karar tasar\u0131s\u0131na sponsorluk eden Suriye&#8217;de ter\u00f6r ve istikrars\u0131zl\u0131k destekleyen \u00fclkelerin Amerika Birle\u015fik Devletleri, \u0130ngiltere, Fransa, T\u00fcrkiye, Suudi Arabistan ve Katar gibi ayn\u0131 devletler oldu\u011funu, konsey ve BM\u2019in ba\u015fka kurumlar\u0131nda sunulan bu t\u00fcr kararlar\u0131n aleni amac\u0131n\u0131n bu \u00fclkelerin ter\u00f6rizme verdikleri destekleri ve BM misak\u0131na y\u00f6nelik ihlallerine siyasi \u00f6rt\u00fc sa\u011flamak oldu\u011funu vurgulad\u0131.<\/p>\n<p>Ala, Suriye Arap Cumhuriyetinin Konseye sunulan, dengesiz ve ger\u00e7eklerden uzak karar tasar\u0131s\u0131n\u0131 reddetti\u011fini bu karar tasar\u0131s\u0131n\u0131n Suriye h\u00fck\u00fcmetinin portresini k\u00f6t\u00fclemek ve silahl\u0131 ter\u00f6r \u00f6rg\u00fctlerinin i\u015fledi\u011fi su\u00e7lar\u0131 g\u00f6rmezden gelmek i\u00e7in siyasi hedef hizmetine akt\u0131\u011f\u0131n\u0131 ifade etti.<\/p>\n<p>Ala, Suriye\u2019nin Kimyasal Silahlar\u0131n Yasaklanmas\u0131 S\u00f6zle\u015fmesi&#8217;ne ba\u011fl\u0131 kalarak y\u00fck\u00fcml\u00fcl\u00fcklerini \u00e7ok zor \u015fartlarda rekor derecede yerine getirmesi y\u00f6n\u00fcndeki ba\u015far\u0131s\u0131n\u0131n hafife al\u0131nmas\u0131 giri\u015fimlerini ele\u015ftirerek Suriye\u2019nin klor gaz\u0131n\u0131 kulland\u0131\u011f\u0131na dair ithamlar\u0131n g\u00fcl\u00fcn\u00e7 oldu\u011funu s\u00f6yledi.<\/p>\n<p>Ala \u0130nsan Haklar\u0131 Konseyi itibar\u0131n\u0131 korumas\u0131 i\u00e7in, bu devletlerin insan haklar\u0131n\u0131 kendi \u00e7\u0131karlar\u0131, kendi planlar\u0131 ve siyasal hedeflerine ula\u015fmalar\u0131 i\u00e7in kullanmalar\u0131na izin verilmemesi gerekti\u011fini vurgulad\u0131.<\/p>\n<p>Ala bu sebeple Suriye\u2019nin Konseyi, siyasile\u015ftirilmi\u015f ve se\u00e7ici olan karar tasar\u0131s\u0131n\u0131 reddetmeye ve aleyhinde oy kullanmaya \u00e7a\u011f\u0131rd\u0131\u011f\u0131n\u0131 ifade etti.<\/p>\n<p>S.\u015e<\/p>\n","protected":false},"excerpt":{"rendered":"<p>CENEVRE \u2013 Suriye\u2019nin BM Cenevre Daimi Temsilcisi, H\u00fcsameddin Ala, Suriye\u2019deki durumlar konusunda \u0130nsan Haklar\u0131 Konseyi dahilindeki oylama sonu\u00e7lar\u0131n\u0131n Suriye\u2019deki duruma y\u00f6nelik \u00fcyeleri aras\u0131nda b\u00f6l\u00fcnme durumunu yans\u0131tt\u0131\u011f\u0131n\u0131, siyasi hedefler sa\u011flamak i\u00e7in Suriye\u2019de ter\u00f6r\u00fc destekleyen bilinen \u00fclkeler taraf\u0131ndan konsey ve kararlar\u0131n\u0131 istismar ettiklerinin g\u00f6stergesi oldu\u011funu ve bu \u00fclkelerin Suriye\u2019nin i\u00e7i\u015flerine m\u00fcdahale etmede parmaklar\u0131n\u0131n oldu\u011funu \u00f6rtmek i\u00e7in geldi\u011fini &hellip;<\/p>\n","protected":false},"author":1,"featured_media":27833,"comment_status":"closed","ping_status":"closed","sticky":false,"template":"","format":"standard","meta":{"footnotes":""},"categories":[458,459,447],"tags":[13033],"class_list":["post-27832","post","type-post","status-publish","format-standard","has-post-thumbnail","","category-dunya1","category-haberler-arap-uluslararasi-politika","category-politika","tag-ala-suriyedeki-durumla-ilgili-karar-tasarisi-nifakla-doludur"],"_links":{"self":[{"href":"https:\/\/archive.sana.sy\/tr\/index.php?rest_route=\/wp\/v2\/posts\/27832","targetHints":{"allow":["GET"]}}],"collection":[{"href":"https:\/\/archive.sana.sy\/tr\/index.php?rest_route=\/wp\/v2\/posts"}],"about":[{"href":"https:\/\/archive.sana.sy\/tr\/index.php?rest_route=\/wp\/v2\/types\/post"}],"author":[{"embeddable":true,"href":"https:\/\/archive.sana.sy\/tr\/index.php?rest_route=\/wp\/v2\/users\/1"}],"replies":[{"embeddable":true,"href":"https:\/\/archive.sana.sy\/tr\/index.php?rest_route=%2Fwp%2Fv2%2Fcomments&post=27832"}],"version-history":[{"count":0,"href":"https:\/\/archive.sana.sy\/tr\/index.php?rest_route=\/wp\/v2\/posts\/27832\/revisions"}],"wp:featuredmedia":[{"embeddable":true,"href":"https:\/\/archive.sana.sy\/tr\/index.php?rest_route=\/wp\/v2\/media\/27833"}],"wp:attachment":[{"href":"https:\/\/archive.sana.sy\/tr\/index.php?rest_route=%2Fwp%2Fv2%2Fmedia&parent=27832"}],"wp:term":[{"taxonomy":"category","embeddable":true,"href":"https:\/\/archive.sana.sy\/tr\/index.php?rest_route=%2Fwp%2Fv2%2Fcategories&post=27832"},{"taxonomy":"post_tag","embeddable":true,"href":"https:\/\/archive.sana.sy\/tr\/index.php?rest_route=%2Fwp%2Fv2%2Ftags&post=27832"}],"curies":[{"name":"wp","href":"https:\/\/api.w.org\/{rel}","templated":true}]}}